{"id":7712,"date":"2026-08-31T21:58:19","date_gmt":"2026-08-31T18:58:19","guid":{"rendered":"https:\/\/yurtbakisi.com\/?p=7712"},"modified":"2026-08-31T21:58:27","modified_gmt":"2026-08-31T18:58:27","slug":"bulgaristana-kacmaya-calisan-arif-kocabiyik-yakalandi","status":"publish","type":"post","link":"https:\/\/yurtbakisi.com\/?p=7712","title":{"rendered":"Bulgaristan&#039;a ka\u00e7maya \u00e7al\u0131\u015fan Arif Kocab\u0131y\u0131k yakaland\u0131"},"content":{"rendered":"<p>Hakk\u0131nda yurt d\u0131\u015f\u0131na \u00e7\u0131k\u0131\u015f yasa\u011f\u0131 bulunan Arif Kocab\u0131y\u0131k, Edirne&#039;de t\u0131r\u0131n dorsesinin alt\u0131na gizlenerek Bulgaristan&#039;a ge\u00e7meye \u00e7al\u0131\u015f\u0131rken yakaland\u0131.<\/p>\n<p><strong>Kaynak:<\/strong> TRT Haber \u2014 <a href=\"https:\/\/www.trthaber.com\/haber\/turkiye\/bulgaristana-kacmaya-calisan-arif-kocabiyik-yakalandi-955487.html\" target=\"_blank\" rel=\"nofollow noopener\">Haberin devam\u0131n\u0131 \u00f6zg\u00fcn kayna\u011f\u0131nda oku<\/a><\/p>\n","protected":false},"excerpt":{"rendered":"<p>Hakk\u0131nda yurt d\u0131\u015f\u0131na \u00e7\u0131k\u0131\u015f yasa\u011f\u0131 bulunan Arif Kocab\u0131y\u0131k, Edirne&#8217;de t\u0131r\u0131n dorsesinin alt\u0131na gizlenerek Bulgaristan&#8217;a ge\u00e7meye \u00e7al\u0131\u015f\u0131rken yakaland\u0131.<\/p>\n","protected":false},"author":0,"featured_media":7713,"comment_status":"closed","ping_status":"closed","sticky":false,"template":"","format":"standard","meta":{"_yb_topic_hash":"243f2a6a7e0a3c367be04396f709f7dfd6a74f83a3f9b54b992a5f66319c6af2","_yb_image_repair_status":"","_yb_image_repair_last":"","_yb_image_repair_attempts":0,"_yb_source_trust_score":0,"footnotes":""},"categories":[154],"tags":[],"yb_news_series":[],"yb_language":[],"class_list":["post-7712","post","type-post","status-publish","format-standard","has-post-thumbnail","hentry","category-turkiye"],"blocksy_meta":[],"_links":{"self":[{"href":"https:\/\/yurtbakisi.com\/index.php?rest_route=\/wp\/v2\/posts\/7712","targetHints":{"allow":["GET"]}}],"collection":[{"href":"https:\/\/yurtbakisi.com\/index.php?rest_route=\/wp\/v2\/posts"}],"about":[{"href":"https:\/\/yurtbakisi.com\/index.php?rest_route=\/wp\/v2\/types\/post"}],"replies":[{"embeddable":true,"href":"https:\/\/yurtbakisi.com\/index.php?rest_route=%2Fwp%2Fv2%2Fcomments&post=7712"}],"version-history":[{"count":1,"href":"https:\/\/yurtbakisi.com\/index.php?rest_route=\/wp\/v2\/posts\/7712\/revisions"}],"predecessor-version":[{"id":7714,"href":"https:\/\/yurtbakisi.com\/index.php?rest_route=\/wp\/v2\/posts\/7712\/revisions\/7714"}],"wp:featuredmedia":[{"embeddable":true,"href":"https:\/\/yurtbakisi.com\/index.php?rest_route=\/wp\/v2\/media\/7713"}],"wp:attachment":[{"href":"https:\/\/yurtbakisi.com\/index.php?rest_route=%2Fwp%2Fv2%2Fmedia&parent=7712"}],"wp:term":[{"taxonomy":"category","embeddable":true,"href":"https:\/\/yurtbakisi.com\/index.php?rest_route=%2Fwp%2Fv2%2Fcategories&post=7712"},{"taxonomy":"post_tag","embeddable":true,"href":"https:\/\/yurtbakisi.com\/index.php?rest_route=%2Fwp%2Fv2%2Ftags&post=7712"},{"taxonomy":"yb_news_series","embeddable":true,"href":"https:\/\/yurtbakisi.com\/index.php?rest_route=%2Fwp%2Fv2%2Fyb_news_series&post=7712"},{"taxonomy":"yb_language","embeddable":true,"href":"https:\/\/yurtbakisi.com\/index.php?rest_route=%2Fwp%2Fv2%2Fyb_language&post=7712"}],"curies":[{"name":"wp","href":"https:\/\/api.w.org\/{rel}","templated":true}]}}