{"id":7730,"date":"2026-08-31T22:03:13","date_gmt":"2026-08-31T19:03:13","guid":{"rendered":"https:\/\/yurtbakisi.com\/?p=7730"},"modified":"2026-08-31T22:03:22","modified_gmt":"2026-08-31T19:03:22","slug":"fetonun-guncel-faaliyetlerine-yonelik-sorusturmada-2-supheli-tutuklandi","status":"publish","type":"post","link":"https:\/\/yurtbakisi.com\/?p=7730","title":{"rendered":"FET\u00d6&#039;n\u00fcn g\u00fcncel faaliyetlerine y\u00f6nelik soru\u015fturmada 2 \u015f\u00fcpheli tutukland\u0131"},"content":{"rendered":"<p>Fetullah\u00e7\u0131 Ter\u00f6r \u00d6rg\u00fct\u00fc&#039;n\u00fcn (FET\u00d6) g\u00fcncel faaliyetlerine y\u00f6nelik y\u00fcr\u00fct\u00fclen soru\u015fturmada g\u00f6zalt\u0131na al\u0131nan, 15 Temmuz darbe giri\u015fimini Ak\u0131nc\u0131 \u00dcss\u00fc&#039;nden y\u00f6neten \u00f6rg\u00fct\u00fcn s\u00f6zde hava kuvvetleri sorumlusu Kemal Batmaz&#039;\u0131n k\u0131z\u0131 Esma Batmaz&#039;\u0131n da aralar\u0131nda bulundu\u011fu 2 \u015f\u00fcpheli tutukland\u0131.<\/p>\n<p><strong>Kaynak:<\/strong> TRT Haber \u2014 <a href=\"https:\/\/www.trthaber.com\/haber\/turkiye\/fetonun-guncel-faaliyetlerine-yonelik-sorusturmada-2-supheli-tutuklandi-955481.html\" target=\"_blank\" rel=\"nofollow noopener\">Haberin devam\u0131n\u0131 \u00f6zg\u00fcn kayna\u011f\u0131nda oku<\/a><\/p>\n","protected":false},"excerpt":{"rendered":"<p>Fetullah\u00e7\u0131 Ter\u00f6r \u00d6rg\u00fct\u00fc&#8217;n\u00fcn (FET\u00d6) g\u00fcncel faaliyetlerine y\u00f6nelik y\u00fcr\u00fct\u00fclen soru\u015fturmada g\u00f6zalt\u0131na al\u0131nan, 15 Temmuz darbe giri\u015fimini Ak\u0131nc\u0131 \u00dcss\u00fc&#8217;nden y\u00f6neten \u00f6rg\u00fct\u00fcn s\u00f6zde hava kuvvetleri sorumlusu Kemal Batmaz&#8217;\u0131n k\u0131z\u0131 Esma Batmaz&#8217;\u0131n da aralar\u0131nda bulundu\u011fu 2 \u015f\u00fcpheli tutukland\u0131.<\/p>\n","protected":false},"author":0,"featured_media":7731,"comment_status":"closed","ping_status":"closed","sticky":false,"template":"","format":"standard","meta":{"_yb_topic_hash":"79bb9076db9c1631188cc1025c887e10043f66c60d5e3f9469dce668757ff3dc","_yb_image_repair_status":"","_yb_image_repair_last":"","_yb_image_repair_attempts":0,"_yb_source_trust_score":0,"footnotes":""},"categories":[154],"tags":[],"yb_news_series":[],"yb_language":[],"class_list":["post-7730","post","type-post","status-publish","format-standard","has-post-thumbnail","hentry","category-turkiye"],"blocksy_meta":[],"_links":{"self":[{"href":"https:\/\/yurtbakisi.com\/index.php?rest_route=\/wp\/v2\/posts\/7730","targetHints":{"allow":["GET"]}}],"collection":[{"href":"https:\/\/yurtbakisi.com\/index.php?rest_route=\/wp\/v2\/posts"}],"about":[{"href":"https:\/\/yurtbakisi.com\/index.php?rest_route=\/wp\/v2\/types\/post"}],"replies":[{"embeddable":true,"href":"https:\/\/yurtbakisi.com\/index.php?rest_route=%2Fwp%2Fv2%2Fcomments&post=7730"}],"version-history":[{"count":1,"href":"https:\/\/yurtbakisi.com\/index.php?rest_route=\/wp\/v2\/posts\/7730\/revisions"}],"predecessor-version":[{"id":7732,"href":"https:\/\/yurtbakisi.com\/index.php?rest_route=\/wp\/v2\/posts\/7730\/revisions\/7732"}],"wp:featuredmedia":[{"embeddable":true,"href":"https:\/\/yurtbakisi.com\/index.php?rest_route=\/wp\/v2\/media\/7731"}],"wp:attachment":[{"href":"https:\/\/yurtbakisi.com\/index.php?rest_route=%2Fwp%2Fv2%2Fmedia&parent=7730"}],"wp:term":[{"taxonomy":"category","embeddable":true,"href":"https:\/\/yurtbakisi.com\/index.php?rest_route=%2Fwp%2Fv2%2Fcategories&post=7730"},{"taxonomy":"post_tag","embeddable":true,"href":"https:\/\/yurtbakisi.com\/index.php?rest_route=%2Fwp%2Fv2%2Ftags&post=7730"},{"taxonomy":"yb_news_series","embeddable":true,"href":"https:\/\/yurtbakisi.com\/index.php?rest_route=%2Fwp%2Fv2%2Fyb_news_series&post=7730"},{"taxonomy":"yb_language","embeddable":true,"href":"https:\/\/yurtbakisi.com\/index.php?rest_route=%2Fwp%2Fv2%2Fyb_language&post=7730"}],"curies":[{"name":"wp","href":"https:\/\/api.w.org\/{rel}","templated":true}]}}