{"id":7736,"date":"2026-08-31T22:03:51","date_gmt":"2026-08-31T19:03:51","guid":{"rendered":"https:\/\/yurtbakisi.com\/?p=7736"},"modified":"2026-08-31T22:04:01","modified_gmt":"2026-08-31T19:04:01","slug":"mekke-ortak-savunma-anlasmasinin-ilk-komite-toplantisi-istanbulda-basladi","status":"publish","type":"post","link":"https:\/\/yurtbakisi.com\/?p=7736","title":{"rendered":"Mekke Ortak Savunma Anla\u015fmas\u0131&#039;n\u0131n ilk komite toplant\u0131s\u0131 \u0130stanbul&#039;da ba\u015flad\u0131"},"content":{"rendered":"<p>Mekke Ortak Savunma Anla\u015fmas\u0131 kapsam\u0131nda tesis edilen Stratejik Siyasi ve Savunma Komitesinin ilk toplant\u0131s\u0131 \u0130stanbul&#039;da ba\u015flad\u0131.<\/p>\n<p><strong>Kaynak:<\/strong> TRT Haber \u2014 <a href=\"https:\/\/www.trthaber.com\/haber\/gundem\/mekke-ortak-savunma-anlasmasinin-ilk-komite-toplantisi-istanbulda-basladi-955450.html\" target=\"_blank\" rel=\"nofollow noopener\">Haberin devam\u0131n\u0131 \u00f6zg\u00fcn kayna\u011f\u0131nda oku<\/a><\/p>\n","protected":false},"excerpt":{"rendered":"<p>Mekke Ortak Savunma Anla\u015fmas\u0131 kapsam\u0131nda tesis edilen Stratejik Siyasi ve Savunma Komitesinin ilk toplant\u0131s\u0131 \u0130stanbul&#8217;da ba\u015flad\u0131.<\/p>\n","protected":false},"author":0,"featured_media":7737,"comment_status":"closed","ping_status":"closed","sticky":false,"template":"","format":"standard","meta":{"_yb_topic_hash":"28193d2a533819686aa681f79535b716450afdc878cdbd4d83671123c18bd580","_yb_image_repair_status":"","_yb_image_repair_last":"","_yb_image_repair_attempts":0,"_yb_source_trust_score":0,"footnotes":""},"categories":[153],"tags":[],"yb_news_series":[],"yb_language":[],"class_list":["post-7736","post","type-post","status-publish","format-standard","has-post-thumbnail","hentry","category-gundem"],"blocksy_meta":[],"_links":{"self":[{"href":"https:\/\/yurtbakisi.com\/index.php?rest_route=\/wp\/v2\/posts\/7736","targetHints":{"allow":["GET"]}}],"collection":[{"href":"https:\/\/yurtbakisi.com\/index.php?rest_route=\/wp\/v2\/posts"}],"about":[{"href":"https:\/\/yurtbakisi.com\/index.php?rest_route=\/wp\/v2\/types\/post"}],"replies":[{"embeddable":true,"href":"https:\/\/yurtbakisi.com\/index.php?rest_route=%2Fwp%2Fv2%2Fcomments&post=7736"}],"version-history":[{"count":1,"href":"https:\/\/yurtbakisi.com\/index.php?rest_route=\/wp\/v2\/posts\/7736\/revisions"}],"predecessor-version":[{"id":7738,"href":"https:\/\/yurtbakisi.com\/index.php?rest_route=\/wp\/v2\/posts\/7736\/revisions\/7738"}],"wp:featuredmedia":[{"embeddable":true,"href":"https:\/\/yurtbakisi.com\/index.php?rest_route=\/wp\/v2\/media\/7737"}],"wp:attachment":[{"href":"https:\/\/yurtbakisi.com\/index.php?rest_route=%2Fwp%2Fv2%2Fmedia&parent=7736"}],"wp:term":[{"taxonomy":"category","embeddable":true,"href":"https:\/\/yurtbakisi.com\/index.php?rest_route=%2Fwp%2Fv2%2Fcategories&post=7736"},{"taxonomy":"post_tag","embeddable":true,"href":"https:\/\/yurtbakisi.com\/index.php?rest_route=%2Fwp%2Fv2%2Ftags&post=7736"},{"taxonomy":"yb_news_series","embeddable":true,"href":"https:\/\/yurtbakisi.com\/index.php?rest_route=%2Fwp%2Fv2%2Fyb_news_series&post=7736"},{"taxonomy":"yb_language","embeddable":true,"href":"https:\/\/yurtbakisi.com\/index.php?rest_route=%2Fwp%2Fv2%2Fyb_language&post=7736"}],"curies":[{"name":"wp","href":"https:\/\/api.w.org\/{rel}","templated":true}]}}