{"id":7744,"date":"2026-08-31T22:57:25","date_gmt":"2026-08-31T19:57:25","guid":{"rendered":"https:\/\/yurtbakisi.com\/?p=7744"},"modified":"2026-08-31T22:57:33","modified_gmt":"2026-08-31T19:57:33","slug":"terorle-mucadelede-malul-kalmayacak-sekilde-yaralananlara-iliskin-basvurular-yarin-basliyor","status":"publish","type":"post","link":"https:\/\/yurtbakisi.com\/?p=7744","title":{"rendered":"&#039;Ter\u00f6rle m\u00fccadelede malul kalmayacak \u015fekilde yaralananlara&#039; ili\u015fkin ba\u015fvurular yar\u0131n ba\u015fl\u0131yor"},"content":{"rendered":"<p>Milli Savunma Bakanl\u0131\u011f\u0131 (MSB), &quot;ter\u00f6rle m\u00fccadelede malul kalmayacak \u015fekilde yaralananlara&quot; ili\u015fkin ba\u015fvurular\u0131n yar\u0131ndan itibaren e-Devlet \u00fczerinden al\u0131naca\u011f\u0131n\u0131 a\u00e7\u0131klad\u0131.<\/p>\n<p><strong>Kaynak:<\/strong> TRT Haber \u2014 <a href=\"https:\/\/www.trthaber.com\/haber\/gundem\/terorle-mucadelede-malul-kalmayacak-sekilde-yaralananlara-iliskin-basvurular-yarin-basliyor-955483.html\" target=\"_blank\" rel=\"nofollow noopener\">Haberin devam\u0131n\u0131 \u00f6zg\u00fcn kayna\u011f\u0131nda oku<\/a><\/p>\n","protected":false},"excerpt":{"rendered":"<p>Milli Savunma Bakanl\u0131\u011f\u0131 (MSB), &#8220;ter\u00f6rle m\u00fccadelede malul kalmayacak \u015fekilde yaralananlara&#8221; ili\u015fkin ba\u015fvurular\u0131n yar\u0131ndan itibaren e-Devlet \u00fczerinden al\u0131naca\u011f\u0131n\u0131 a\u00e7\u0131klad\u0131.<\/p>\n","protected":false},"author":0,"featured_media":7745,"comment_status":"closed","ping_status":"closed","sticky":false,"template":"","format":"standard","meta":{"_yb_topic_hash":"9b83ae2058438bf1fe0222d87a2530a252a81469a15718e8dd8aa5505e1ecf83","_yb_image_repair_status":"","_yb_image_repair_last":"","_yb_image_repair_attempts":0,"_yb_source_trust_score":0,"footnotes":""},"categories":[153],"tags":[],"yb_news_series":[],"yb_language":[],"class_list":["post-7744","post","type-post","status-publish","format-standard","has-post-thumbnail","hentry","category-gundem"],"blocksy_meta":[],"_links":{"self":[{"href":"https:\/\/yurtbakisi.com\/index.php?rest_route=\/wp\/v2\/posts\/7744","targetHints":{"allow":["GET"]}}],"collection":[{"href":"https:\/\/yurtbakisi.com\/index.php?rest_route=\/wp\/v2\/posts"}],"about":[{"href":"https:\/\/yurtbakisi.com\/index.php?rest_route=\/wp\/v2\/types\/post"}],"replies":[{"embeddable":true,"href":"https:\/\/yurtbakisi.com\/index.php?rest_route=%2Fwp%2Fv2%2Fcomments&post=7744"}],"version-history":[{"count":1,"href":"https:\/\/yurtbakisi.com\/index.php?rest_route=\/wp\/v2\/posts\/7744\/revisions"}],"predecessor-version":[{"id":7746,"href":"https:\/\/yurtbakisi.com\/index.php?rest_route=\/wp\/v2\/posts\/7744\/revisions\/7746"}],"wp:featuredmedia":[{"embeddable":true,"href":"https:\/\/yurtbakisi.com\/index.php?rest_route=\/wp\/v2\/media\/7745"}],"wp:attachment":[{"href":"https:\/\/yurtbakisi.com\/index.php?rest_route=%2Fwp%2Fv2%2Fmedia&parent=7744"}],"wp:term":[{"taxonomy":"category","embeddable":true,"href":"https:\/\/yurtbakisi.com\/index.php?rest_route=%2Fwp%2Fv2%2Fcategories&post=7744"},{"taxonomy":"post_tag","embeddable":true,"href":"https:\/\/yurtbakisi.com\/index.php?rest_route=%2Fwp%2Fv2%2Ftags&post=7744"},{"taxonomy":"yb_news_series","embeddable":true,"href":"https:\/\/yurtbakisi.com\/index.php?rest_route=%2Fwp%2Fv2%2Fyb_news_series&post=7744"},{"taxonomy":"yb_language","embeddable":true,"href":"https:\/\/yurtbakisi.com\/index.php?rest_route=%2Fwp%2Fv2%2Fyb_language&post=7744"}],"curies":[{"name":"wp","href":"https:\/\/api.w.org\/{rel}","templated":true}]}}