{"id":7747,"date":"2026-08-31T22:57:39","date_gmt":"2026-08-31T19:57:39","guid":{"rendered":"https:\/\/yurtbakisi.com\/?p=7747"},"modified":"2026-08-31T22:57:45","modified_gmt":"2026-08-31T19:57:45","slug":"kacakcilara-karsi-gumruklerde-yeni-donem-yapay-zeka-ve-mobil-xray","status":"publish","type":"post","link":"https:\/\/yurtbakisi.com\/?p=7747","title":{"rendered":"Ka\u00e7ak\u00e7\u0131lara kar\u015f\u0131 g\u00fcmr\u00fcklerde yeni d\u00f6nem: Yapay zeka ve mobil xray"},"content":{"rendered":"<p>Ticaret Bakanl\u0131\u011f\u0131, ka\u00e7ak\u00e7\u0131l\u0131kla m\u00fccadele kapsam\u0131nda g\u00fcmr\u00fck kap\u0131lar\u0131n\u0131 y\u0131l\u0131n ilk yar\u0131s\u0131nda yeni teknik cihazlarla g\u00fc\u00e7lendirirken y\u0131l sonuna kadar geli\u015fmi\u015f x-ray ve mobil tarama sistemlerini de devreye almay\u0131 hedefliyor.<\/p>\n<p><strong>Kaynak:<\/strong> TRT Haber \u2014 <a href=\"https:\/\/www.trthaber.com\/haber\/turkiye\/kacakcilara-karsi-gumruklerde-yeni-donem-yapay-zeka-ve-mobil-x-ray-955455.html\" target=\"_blank\" rel=\"nofollow noopener\">Haberin devam\u0131n\u0131 \u00f6zg\u00fcn kayna\u011f\u0131nda oku<\/a><\/p>\n","protected":false},"excerpt":{"rendered":"<p>Ticaret Bakanl\u0131\u011f\u0131, ka\u00e7ak\u00e7\u0131l\u0131kla m\u00fccadele kapsam\u0131nda g\u00fcmr\u00fck kap\u0131lar\u0131n\u0131 y\u0131l\u0131n ilk yar\u0131s\u0131nda yeni teknik cihazlarla g\u00fc\u00e7lendirirken y\u0131l sonuna kadar geli\u015fmi\u015f x-ray ve mobil tarama sistemlerini de devreye almay\u0131 hedefliyor.<\/p>\n","protected":false},"author":0,"featured_media":7748,"comment_status":"closed","ping_status":"closed","sticky":false,"template":"","format":"standard","meta":{"_yb_topic_hash":"9e8bec936d5c03c41362daf13d23d7cdbad63e15be8e967882a6b89e05e166ba","_yb_image_repair_status":"","_yb_image_repair_last":"","_yb_image_repair_attempts":0,"_yb_source_trust_score":0,"footnotes":""},"categories":[154],"tags":[],"yb_news_series":[],"yb_language":[],"class_list":["post-7747","post","type-post","status-publish","format-standard","has-post-thumbnail","hentry","category-turkiye"],"blocksy_meta":[],"_links":{"self":[{"href":"https:\/\/yurtbakisi.com\/index.php?rest_route=\/wp\/v2\/posts\/7747","targetHints":{"allow":["GET"]}}],"collection":[{"href":"https:\/\/yurtbakisi.com\/index.php?rest_route=\/wp\/v2\/posts"}],"about":[{"href":"https:\/\/yurtbakisi.com\/index.php?rest_route=\/wp\/v2\/types\/post"}],"replies":[{"embeddable":true,"href":"https:\/\/yurtbakisi.com\/index.php?rest_route=%2Fwp%2Fv2%2Fcomments&post=7747"}],"version-history":[{"count":1,"href":"https:\/\/yurtbakisi.com\/index.php?rest_route=\/wp\/v2\/posts\/7747\/revisions"}],"predecessor-version":[{"id":7749,"href":"https:\/\/yurtbakisi.com\/index.php?rest_route=\/wp\/v2\/posts\/7747\/revisions\/7749"}],"wp:featuredmedia":[{"embeddable":true,"href":"https:\/\/yurtbakisi.com\/index.php?rest_route=\/wp\/v2\/media\/7748"}],"wp:attachment":[{"href":"https:\/\/yurtbakisi.com\/index.php?rest_route=%2Fwp%2Fv2%2Fmedia&parent=7747"}],"wp:term":[{"taxonomy":"category","embeddable":true,"href":"https:\/\/yurtbakisi.com\/index.php?rest_route=%2Fwp%2Fv2%2Fcategories&post=7747"},{"taxonomy":"post_tag","embeddable":true,"href":"https:\/\/yurtbakisi.com\/index.php?rest_route=%2Fwp%2Fv2%2Ftags&post=7747"},{"taxonomy":"yb_news_series","embeddable":true,"href":"https:\/\/yurtbakisi.com\/index.php?rest_route=%2Fwp%2Fv2%2Fyb_news_series&post=7747"},{"taxonomy":"yb_language","embeddable":true,"href":"https:\/\/yurtbakisi.com\/index.php?rest_route=%2Fwp%2Fv2%2Fyb_language&post=7747"}],"curies":[{"name":"wp","href":"https:\/\/api.w.org\/{rel}","templated":true}]}}