{"id":7750,"date":"2026-08-31T22:57:51","date_gmt":"2026-08-31T19:57:51","guid":{"rendered":"https:\/\/yurtbakisi.com\/?p=7750"},"modified":"2026-08-31T22:57:57","modified_gmt":"2026-08-31T19:57:57","slug":"isvec-fransadan-4-firkateyn-satin-alacak","status":"publish","type":"post","link":"https:\/\/yurtbakisi.com\/?p=7750","title":{"rendered":"\u0130sve\u00e7, Fransa&#039;dan 4 f\u0131rkateyn sat\u0131n alacak"},"content":{"rendered":"<p>\u0130sve\u00e7 Ba\u015fbakan\u0131 Ulf Kristersson, Frans\u0131z Naval Group \u015firketinden 4 f\u0131rkateyn sat\u0131n almas\u0131n\u0131 \u00f6ng\u00f6ren anla\u015fman\u0131n resmiyet kazand\u0131\u011f\u0131n\u0131 s\u00f6yledi.<\/p>\n<p><strong>Kaynak:<\/strong> TRT Haber \u2014 <a href=\"https:\/\/www.trthaber.com\/haber\/dunya\/isvec-fransadan-4-firkateyn-satin-alacak-955488.html\" target=\"_blank\" rel=\"nofollow noopener\">Haberin devam\u0131n\u0131 \u00f6zg\u00fcn kayna\u011f\u0131nda oku<\/a><\/p>\n","protected":false},"excerpt":{"rendered":"<p>\u0130sve\u00e7 Ba\u015fbakan\u0131 Ulf Kristersson, Frans\u0131z Naval Group \u015firketinden 4 f\u0131rkateyn sat\u0131n almas\u0131n\u0131 \u00f6ng\u00f6ren anla\u015fman\u0131n resmiyet kazand\u0131\u011f\u0131n\u0131 s\u00f6yledi.<\/p>\n","protected":false},"author":0,"featured_media":7751,"comment_status":"closed","ping_status":"closed","sticky":false,"template":"","format":"standard","meta":{"_yb_topic_hash":"294e0b2b8068c6404a321641fc82988e6ee86d67948401b464ad1a0690917074","_yb_image_repair_status":"","_yb_image_repair_last":"","_yb_image_repair_attempts":0,"_yb_source_trust_score":0,"footnotes":""},"categories":[155],"tags":[],"yb_news_series":[],"yb_language":[],"class_list":["post-7750","post","type-post","status-publish","format-standard","has-post-thumbnail","hentry","category-dunya"],"blocksy_meta":[],"_links":{"self":[{"href":"https:\/\/yurtbakisi.com\/index.php?rest_route=\/wp\/v2\/posts\/7750","targetHints":{"allow":["GET"]}}],"collection":[{"href":"https:\/\/yurtbakisi.com\/index.php?rest_route=\/wp\/v2\/posts"}],"about":[{"href":"https:\/\/yurtbakisi.com\/index.php?rest_route=\/wp\/v2\/types\/post"}],"replies":[{"embeddable":true,"href":"https:\/\/yurtbakisi.com\/index.php?rest_route=%2Fwp%2Fv2%2Fcomments&post=7750"}],"version-history":[{"count":1,"href":"https:\/\/yurtbakisi.com\/index.php?rest_route=\/wp\/v2\/posts\/7750\/revisions"}],"predecessor-version":[{"id":7752,"href":"https:\/\/yurtbakisi.com\/index.php?rest_route=\/wp\/v2\/posts\/7750\/revisions\/7752"}],"wp:featuredmedia":[{"embeddable":true,"href":"https:\/\/yurtbakisi.com\/index.php?rest_route=\/wp\/v2\/media\/7751"}],"wp:attachment":[{"href":"https:\/\/yurtbakisi.com\/index.php?rest_route=%2Fwp%2Fv2%2Fmedia&parent=7750"}],"wp:term":[{"taxonomy":"category","embeddable":true,"href":"https:\/\/yurtbakisi.com\/index.php?rest_route=%2Fwp%2Fv2%2Fcategories&post=7750"},{"taxonomy":"post_tag","embeddable":true,"href":"https:\/\/yurtbakisi.com\/index.php?rest_route=%2Fwp%2Fv2%2Ftags&post=7750"},{"taxonomy":"yb_news_series","embeddable":true,"href":"https:\/\/yurtbakisi.com\/index.php?rest_route=%2Fwp%2Fv2%2Fyb_news_series&post=7750"},{"taxonomy":"yb_language","embeddable":true,"href":"https:\/\/yurtbakisi.com\/index.php?rest_route=%2Fwp%2Fv2%2Fyb_language&post=7750"}],"curies":[{"name":"wp","href":"https:\/\/api.w.org\/{rel}","templated":true}]}}