{"id":7756,"date":"2026-08-31T22:58:14","date_gmt":"2026-08-31T19:58:14","guid":{"rendered":"https:\/\/yurtbakisi.com\/?p=7756"},"modified":"2026-08-31T22:58:21","modified_gmt":"2026-08-31T19:58:21","slug":"mebden-ogrencilerin-ilk-okul-yili-icin-hatira-defteri","status":"publish","type":"post","link":"https:\/\/yurtbakisi.com\/?p=7756","title":{"rendered":"MEB&#039;den \u00f6\u011frencilerin ilk okul y\u0131l\u0131 i\u00e7in hat\u0131ra defteri"},"content":{"rendered":"<p>Milli E\u011fitim Bakanl\u0131\u011f\u0131nca (MEB) okul \u00f6ncesi e\u011fitim ve ilkokul 1. s\u0131n\u0131f \u00f6\u011frencilerinin okula uyum s\u00fcre\u00e7lerine ailelerin etkin kat\u0131l\u0131m\u0131n\u0131 desteklemek amac\u0131yla &quot;\u00c7ocu\u011fumla Okula \u0130lk Ad\u0131m Defteri&quot; haz\u0131rland\u0131.<\/p>\n<p><strong>Kaynak:<\/strong> TRT Haber \u2014 <a href=\"https:\/\/www.trthaber.com\/haber\/egitim\/mebden-ogrencilerin-ilk-okul-yili-icin-hatira-defteri-955442.html\" target=\"_blank\" rel=\"nofollow noopener\">Haberin devam\u0131n\u0131 \u00f6zg\u00fcn kayna\u011f\u0131nda oku<\/a><\/p>\n","protected":false},"excerpt":{"rendered":"<p>Milli E\u011fitim Bakanl\u0131\u011f\u0131nca (MEB) okul \u00f6ncesi e\u011fitim ve ilkokul 1. s\u0131n\u0131f \u00f6\u011frencilerinin okula uyum s\u00fcre\u00e7lerine ailelerin etkin kat\u0131l\u0131m\u0131n\u0131 desteklemek amac\u0131yla &#8220;\u00c7ocu\u011fumla Okula \u0130lk Ad\u0131m Defteri&#8221; haz\u0131rland\u0131.<\/p>\n","protected":false},"author":0,"featured_media":7757,"comment_status":"closed","ping_status":"closed","sticky":false,"template":"","format":"standard","meta":{"_yb_topic_hash":"be64b90bf5675ee5373f9ac2db3e6851e21d348372a48627c92f8ad937c3bfb9","_yb_image_repair_status":"","_yb_image_repair_last":"","_yb_image_repair_attempts":0,"_yb_source_trust_score":0,"footnotes":""},"categories":[157],"tags":[],"yb_news_series":[],"yb_language":[],"class_list":["post-7756","post","type-post","status-publish","format-standard","has-post-thumbnail","hentry","category-egitim"],"blocksy_meta":[],"_links":{"self":[{"href":"https:\/\/yurtbakisi.com\/index.php?rest_route=\/wp\/v2\/posts\/7756","targetHints":{"allow":["GET"]}}],"collection":[{"href":"https:\/\/yurtbakisi.com\/index.php?rest_route=\/wp\/v2\/posts"}],"about":[{"href":"https:\/\/yurtbakisi.com\/index.php?rest_route=\/wp\/v2\/types\/post"}],"replies":[{"embeddable":true,"href":"https:\/\/yurtbakisi.com\/index.php?rest_route=%2Fwp%2Fv2%2Fcomments&post=7756"}],"version-history":[{"count":1,"href":"https:\/\/yurtbakisi.com\/index.php?rest_route=\/wp\/v2\/posts\/7756\/revisions"}],"predecessor-version":[{"id":7758,"href":"https:\/\/yurtbakisi.com\/index.php?rest_route=\/wp\/v2\/posts\/7756\/revisions\/7758"}],"wp:featuredmedia":[{"embeddable":true,"href":"https:\/\/yurtbakisi.com\/index.php?rest_route=\/wp\/v2\/media\/7757"}],"wp:attachment":[{"href":"https:\/\/yurtbakisi.com\/index.php?rest_route=%2Fwp%2Fv2%2Fmedia&parent=7756"}],"wp:term":[{"taxonomy":"category","embeddable":true,"href":"https:\/\/yurtbakisi.com\/index.php?rest_route=%2Fwp%2Fv2%2Fcategories&post=7756"},{"taxonomy":"post_tag","embeddable":true,"href":"https:\/\/yurtbakisi.com\/index.php?rest_route=%2Fwp%2Fv2%2Ftags&post=7756"},{"taxonomy":"yb_news_series","embeddable":true,"href":"https:\/\/yurtbakisi.com\/index.php?rest_route=%2Fwp%2Fv2%2Fyb_news_series&post=7756"},{"taxonomy":"yb_language","embeddable":true,"href":"https:\/\/yurtbakisi.com\/index.php?rest_route=%2Fwp%2Fv2%2Fyb_language&post=7756"}],"curies":[{"name":"wp","href":"https:\/\/api.w.org\/{rel}","templated":true}]}}