{"id":7771,"date":"2026-08-31T23:01:35","date_gmt":"2026-08-31T20:01:35","guid":{"rendered":"https:\/\/yurtbakisi.com\/?p=7771"},"modified":"2026-08-31T23:01:40","modified_gmt":"2026-08-31T20:01:40","slug":"filo-denizcilik-sirketinin-kktcden-yapilan-deniz-seferleri-durduruldu","status":"publish","type":"post","link":"https:\/\/yurtbakisi.com\/?p=7771","title":{"rendered":"Filo Denizcilik \u015firketinin KKTC&#039;den yap\u0131lan deniz seferleri durduruldu"},"content":{"rendered":"<p>KKTC Bay\u0131nd\u0131rl\u0131k ve Ula\u015ft\u0131rma Bakanl\u0131\u011f\u0131, Filo Denizcilik \u015firketinin \u00fclkeden yap\u0131lan deniz seferlerinin bir sonraki emre kadar durduruldu\u011funu duyurdu.<\/p>\n<p><strong>Kaynak:<\/strong> TRT Haber \u2014 <a href=\"https:\/\/www.trthaber.com\/haber\/gundem\/filo-denizcilik-sirketinin-kktcden-yapilan-deniz-seferleri-durduruldu-955474.html\" target=\"_blank\" rel=\"nofollow noopener\">Haberin devam\u0131n\u0131 \u00f6zg\u00fcn kayna\u011f\u0131nda oku<\/a><\/p>\n","protected":false},"excerpt":{"rendered":"<p>KKTC Bay\u0131nd\u0131rl\u0131k ve Ula\u015ft\u0131rma Bakanl\u0131\u011f\u0131, Filo Denizcilik \u015firketinin \u00fclkeden yap\u0131lan deniz seferlerinin bir sonraki emre kadar durduruldu\u011funu duyurdu.<\/p>\n","protected":false},"author":0,"featured_media":7772,"comment_status":"closed","ping_status":"closed","sticky":false,"template":"","format":"standard","meta":{"_yb_topic_hash":"54485d049f9f910791d769e868be5d677889d7dcbd9263e8b359a2ea66a8fe56","_yb_image_repair_status":"","_yb_image_repair_last":"","_yb_image_repair_attempts":0,"_yb_source_trust_score":0,"footnotes":""},"categories":[153],"tags":[107],"yb_news_series":[],"yb_language":[],"class_list":["post-7771","post","type-post","status-publish","format-standard","has-post-thumbnail","hentry","category-gundem","tag-cemiyet"],"blocksy_meta":[],"_links":{"self":[{"href":"https:\/\/yurtbakisi.com\/index.php?rest_route=\/wp\/v2\/posts\/7771","targetHints":{"allow":["GET"]}}],"collection":[{"href":"https:\/\/yurtbakisi.com\/index.php?rest_route=\/wp\/v2\/posts"}],"about":[{"href":"https:\/\/yurtbakisi.com\/index.php?rest_route=\/wp\/v2\/types\/post"}],"replies":[{"embeddable":true,"href":"https:\/\/yurtbakisi.com\/index.php?rest_route=%2Fwp%2Fv2%2Fcomments&post=7771"}],"version-history":[{"count":1,"href":"https:\/\/yurtbakisi.com\/index.php?rest_route=\/wp\/v2\/posts\/7771\/revisions"}],"predecessor-version":[{"id":7773,"href":"https:\/\/yurtbakisi.com\/index.php?rest_route=\/wp\/v2\/posts\/7771\/revisions\/7773"}],"wp:featuredmedia":[{"embeddable":true,"href":"https:\/\/yurtbakisi.com\/index.php?rest_route=\/wp\/v2\/media\/7772"}],"wp:attachment":[{"href":"https:\/\/yurtbakisi.com\/index.php?rest_route=%2Fwp%2Fv2%2Fmedia&parent=7771"}],"wp:term":[{"taxonomy":"category","embeddable":true,"href":"https:\/\/yurtbakisi.com\/index.php?rest_route=%2Fwp%2Fv2%2Fcategories&post=7771"},{"taxonomy":"post_tag","embeddable":true,"href":"https:\/\/yurtbakisi.com\/index.php?rest_route=%2Fwp%2Fv2%2Ftags&post=7771"},{"taxonomy":"yb_news_series","embeddable":true,"href":"https:\/\/yurtbakisi.com\/index.php?rest_route=%2Fwp%2Fv2%2Fyb_news_series&post=7771"},{"taxonomy":"yb_language","embeddable":true,"href":"https:\/\/yurtbakisi.com\/index.php?rest_route=%2Fwp%2Fv2%2Fyb_language&post=7771"}],"curies":[{"name":"wp","href":"https:\/\/api.w.org\/{rel}","templated":true}]}}