{"id":7800,"date":"2026-09-01T00:01:15","date_gmt":"2026-08-31T21:01:15","guid":{"rendered":"https:\/\/yurtbakisi.com\/?p=7800"},"modified":"2026-09-01T00:01:21","modified_gmt":"2026-08-31T21:01:21","slug":"cevdet-yilmaz-ekonomimiz-dinamizmini-surduruyor-ve-dayanikliligini-koruyor","status":"publish","type":"post","link":"https:\/\/yurtbakisi.com\/?p=7800","title":{"rendered":"Cevdet Y\u0131lmaz: Ekonomimiz dinamizmini s\u00fcrd\u00fcr\u00fcyor ve dayan\u0131kl\u0131l\u0131\u011f\u0131n\u0131 koruyor"},"content":{"rendered":"<p>Cumhurba\u015fkan\u0131 Yard\u0131mc\u0131s\u0131 Cevdet Y\u0131lmaz, k\u00fcresel ekonomideki belirsizliklere ve jeopolitik gerilimlere ra\u011fmen T\u00fcrkiye ekonomisinin 2026 y\u0131l\u0131n\u0131n ikinci \u00e7eyre\u011finde y\u0131ll\u0131k bazda y\u00fczde 2,3 b\u00fcy\u00fcd\u00fc\u011f\u00fcn\u00fc belirterek, &quot;Kesintisiz b\u00fcy\u00fcme performans\u0131m\u0131z 24 \u00e7eyre\u011fe ula\u015f\u0131rken, y\u0131ll\u0131kland\u0131r\u0131lm\u0131\u015f milli gelirimiz 1,71 trilyon dolara y\u00fckselmi\u015ftir&quot; dedi.<\/p>\n<p><strong>Kaynak:<\/strong> TRT Haber \u2014 <a href=\"https:\/\/www.trthaber.com\/haber\/gundem\/cevdet-yilmaz-ekonomimiz-dinamizmini-surduruyor-ve-dayanikliligini-koruyor-955461.html\" target=\"_blank\" rel=\"nofollow noopener\">Haberin devam\u0131n\u0131 \u00f6zg\u00fcn kayna\u011f\u0131nda oku<\/a><\/p>\n","protected":false},"excerpt":{"rendered":"<p>Cumhurba\u015fkan\u0131 Yard\u0131mc\u0131s\u0131 Cevdet Y\u0131lmaz, k\u00fcresel ekonomideki belirsizliklere ve jeopolitik gerilimlere ra\u011fmen T\u00fcrkiye ekonomisinin 2026 y\u0131l\u0131n\u0131n ikinci \u00e7eyre\u011finde y\u0131ll\u0131k bazda y\u00fczde 2,3 b\u00fcy\u00fcd\u00fc\u011f\u00fcn\u00fc belirterek, &#8220;Kesintisiz b\u00fcy\u00fcme performans\u0131m\u0131z 24 \u00e7eyre\u011fe ula\u015f\u0131rken, y\u0131ll\u0131kland\u0131r\u0131lm\u0131\u015f milli gelirimiz 1,71 trilyon\u2026<\/p>\n","protected":false},"author":0,"featured_media":7801,"comment_status":"closed","ping_status":"closed","sticky":false,"template":"","format":"standard","meta":{"_yb_topic_hash":"ea033fee52f3a50c30d0e6d7d0e8e4f86194ce7544a77fa56415e65649e36833","_yb_image_repair_status":"","_yb_image_repair_last":"","_yb_image_repair_attempts":0,"_yb_source_trust_score":0,"footnotes":""},"categories":[153],"tags":[107],"yb_news_series":[],"yb_language":[],"class_list":["post-7800","post","type-post","status-publish","format-standard","has-post-thumbnail","hentry","category-gundem","tag-cemiyet"],"blocksy_meta":[],"_links":{"self":[{"href":"https:\/\/yurtbakisi.com\/index.php?rest_route=\/wp\/v2\/posts\/7800","targetHints":{"allow":["GET"]}}],"collection":[{"href":"https:\/\/yurtbakisi.com\/index.php?rest_route=\/wp\/v2\/posts"}],"about":[{"href":"https:\/\/yurtbakisi.com\/index.php?rest_route=\/wp\/v2\/types\/post"}],"replies":[{"embeddable":true,"href":"https:\/\/yurtbakisi.com\/index.php?rest_route=%2Fwp%2Fv2%2Fcomments&post=7800"}],"version-history":[{"count":1,"href":"https:\/\/yurtbakisi.com\/index.php?rest_route=\/wp\/v2\/posts\/7800\/revisions"}],"predecessor-version":[{"id":7802,"href":"https:\/\/yurtbakisi.com\/index.php?rest_route=\/wp\/v2\/posts\/7800\/revisions\/7802"}],"wp:featuredmedia":[{"embeddable":true,"href":"https:\/\/yurtbakisi.com\/index.php?rest_route=\/wp\/v2\/media\/7801"}],"wp:attachment":[{"href":"https:\/\/yurtbakisi.com\/index.php?rest_route=%2Fwp%2Fv2%2Fmedia&parent=7800"}],"wp:term":[{"taxonomy":"category","embeddable":true,"href":"https:\/\/yurtbakisi.com\/index.php?rest_route=%2Fwp%2Fv2%2Fcategories&post=7800"},{"taxonomy":"post_tag","embeddable":true,"href":"https:\/\/yurtbakisi.com\/index.php?rest_route=%2Fwp%2Fv2%2Ftags&post=7800"},{"taxonomy":"yb_news_series","embeddable":true,"href":"https:\/\/yurtbakisi.com\/index.php?rest_route=%2Fwp%2Fv2%2Fyb_news_series&post=7800"},{"taxonomy":"yb_language","embeddable":true,"href":"https:\/\/yurtbakisi.com\/index.php?rest_route=%2Fwp%2Fv2%2Fyb_language&post=7800"}],"curies":[{"name":"wp","href":"https:\/\/api.w.org\/{rel}","templated":true}]}}