{"id":7809,"date":"2026-09-01T00:58:02","date_gmt":"2026-08-31T21:58:02","guid":{"rendered":"https:\/\/yurtbakisi.com\/?p=7809"},"modified":"2026-09-01T00:58:07","modified_gmt":"2026-08-31T21:58:07","slug":"vira-bismillah-zamani-balikcilar-denize-donuyor","status":"publish","type":"post","link":"https:\/\/yurtbakisi.com\/?p=7809","title":{"rendered":"Vira bismillah zaman\u0131: Bal\u0131k\u00e7\u0131lar denize d\u00f6n\u00fcyor"},"content":{"rendered":"<p>Genel av yasa\u011f\u0131n\u0131n sona ermesine say\u0131l\u0131 g\u00fcnler kala, Karadeniz, Marmara, Ege ve Akdeniz\u2019de yakla\u015f\u0131k 1500 g\u0131rg\u0131r ve trol teknesi yeni sezonda &quot;Vira bismillah&quot; diyerek denize a\u00e7\u0131lmak i\u00e7in haz\u0131rl\u0131klar\u0131n\u0131 tamamlad\u0131.<\/p>\n<p><strong>Kaynak:<\/strong> TRT Haber \u2014 <a href=\"https:\/\/www.trthaber.com\/haber\/turkiye\/vira-bismillah-zamani-balikcilar-denize-donuyor-955417.html\" target=\"_blank\" rel=\"nofollow noopener\">Haberin devam\u0131n\u0131 \u00f6zg\u00fcn kayna\u011f\u0131nda oku<\/a><\/p>\n","protected":false},"excerpt":{"rendered":"<p>Genel av yasa\u011f\u0131n\u0131n sona ermesine say\u0131l\u0131 g\u00fcnler kala, Karadeniz, Marmara, Ege ve Akdeniz\u2019de yakla\u015f\u0131k 1500 g\u0131rg\u0131r ve trol teknesi yeni sezonda &#8220;Vira bismillah&#8221; diyerek denize a\u00e7\u0131lmak i\u00e7in haz\u0131rl\u0131klar\u0131n\u0131 tamamlad\u0131.<\/p>\n","protected":false},"author":0,"featured_media":7810,"comment_status":"closed","ping_status":"closed","sticky":false,"template":"","format":"standard","meta":{"_yb_topic_hash":"96cd98e0929166027437e46f49f5c780677ed46098a382bb2ad0a48a2f440f1f","_yb_image_repair_status":"","_yb_image_repair_last":"","_yb_image_repair_attempts":0,"_yb_source_trust_score":0,"footnotes":""},"categories":[154],"tags":[],"yb_news_series":[],"yb_language":[],"class_list":["post-7809","post","type-post","status-publish","format-standard","has-post-thumbnail","hentry","category-turkiye"],"blocksy_meta":[],"_links":{"self":[{"href":"https:\/\/yurtbakisi.com\/index.php?rest_route=\/wp\/v2\/posts\/7809","targetHints":{"allow":["GET"]}}],"collection":[{"href":"https:\/\/yurtbakisi.com\/index.php?rest_route=\/wp\/v2\/posts"}],"about":[{"href":"https:\/\/yurtbakisi.com\/index.php?rest_route=\/wp\/v2\/types\/post"}],"replies":[{"embeddable":true,"href":"https:\/\/yurtbakisi.com\/index.php?rest_route=%2Fwp%2Fv2%2Fcomments&post=7809"}],"version-history":[{"count":1,"href":"https:\/\/yurtbakisi.com\/index.php?rest_route=\/wp\/v2\/posts\/7809\/revisions"}],"predecessor-version":[{"id":7811,"href":"https:\/\/yurtbakisi.com\/index.php?rest_route=\/wp\/v2\/posts\/7809\/revisions\/7811"}],"wp:featuredmedia":[{"embeddable":true,"href":"https:\/\/yurtbakisi.com\/index.php?rest_route=\/wp\/v2\/media\/7810"}],"wp:attachment":[{"href":"https:\/\/yurtbakisi.com\/index.php?rest_route=%2Fwp%2Fv2%2Fmedia&parent=7809"}],"wp:term":[{"taxonomy":"category","embeddable":true,"href":"https:\/\/yurtbakisi.com\/index.php?rest_route=%2Fwp%2Fv2%2Fcategories&post=7809"},{"taxonomy":"post_tag","embeddable":true,"href":"https:\/\/yurtbakisi.com\/index.php?rest_route=%2Fwp%2Fv2%2Ftags&post=7809"},{"taxonomy":"yb_news_series","embeddable":true,"href":"https:\/\/yurtbakisi.com\/index.php?rest_route=%2Fwp%2Fv2%2Fyb_news_series&post=7809"},{"taxonomy":"yb_language","embeddable":true,"href":"https:\/\/yurtbakisi.com\/index.php?rest_route=%2Fwp%2Fv2%2Fyb_language&post=7809"}],"curies":[{"name":"wp","href":"https:\/\/api.w.org\/{rel}","templated":true}]}}