{"id":7815,"date":"2026-09-01T00:58:20","date_gmt":"2026-08-31T21:58:20","guid":{"rendered":"https:\/\/yurtbakisi.com\/?p=7815"},"modified":"2026-09-01T00:58:37","modified_gmt":"2026-08-31T21:58:37","slug":"turkiye-ekonomisi-yilin-ikinci-ceyreginde-yuzde-23-buyudu","status":"publish","type":"post","link":"https:\/\/yurtbakisi.com\/?p=7815","title":{"rendered":"T\u00fcrkiye ekonomisi y\u0131l\u0131n ikinci \u00e7eyre\u011finde y\u00fczde 2,3 b\u00fcy\u00fcd\u00fc"},"content":{"rendered":"<p>T\u00fcrkiye ekonomisi y\u0131l\u0131n ikinci \u00e7eyre\u011finde y\u00fczde 2,3 b\u00fcy\u00fcme g\u00f6sterdi. B\u00f6ylece aral\u0131ks\u0131z b\u00fcy\u00fcme serisi 24&#039;\u00fcnc\u00fc \u00e7eyre\u011fe ta\u015f\u0131nm\u0131\u015f oldu.<\/p>\n<p><strong>Kaynak:<\/strong> TRT Haber \u2014 <a href=\"https:\/\/www.trthaber.com\/haber\/ekonomi\/turkiye-ekonomisi-yilin-ikinci-ceyreginde-yuzde-23-buyudu-955426.html\" target=\"_blank\" rel=\"nofollow noopener\">Haberin devam\u0131n\u0131 \u00f6zg\u00fcn kayna\u011f\u0131nda oku<\/a><\/p>\n","protected":false},"excerpt":{"rendered":"<p>T\u00fcrkiye ekonomisi y\u0131l\u0131n ikinci \u00e7eyre\u011finde y\u00fczde 2,3 b\u00fcy\u00fcme g\u00f6sterdi. B\u00f6ylece aral\u0131ks\u0131z b\u00fcy\u00fcme serisi 24&#8217;\u00fcnc\u00fc \u00e7eyre\u011fe ta\u015f\u0131nm\u0131\u015f oldu.<\/p>\n","protected":false},"author":0,"featured_media":7816,"comment_status":"closed","ping_status":"closed","sticky":false,"template":"","format":"standard","meta":{"_yb_topic_hash":"3b5f5cbed30595b65c588c9a5347026027ebfac9a83727e2d823252fd481b5da","_yb_image_repair_status":"","_yb_image_repair_last":"","_yb_image_repair_attempts":0,"_yb_source_trust_score":0,"footnotes":""},"categories":[156],"tags":[],"yb_news_series":[],"yb_language":[],"class_list":["post-7815","post","type-post","status-publish","format-standard","has-post-thumbnail","hentry","category-ekonomi"],"blocksy_meta":[],"_links":{"self":[{"href":"https:\/\/yurtbakisi.com\/index.php?rest_route=\/wp\/v2\/posts\/7815","targetHints":{"allow":["GET"]}}],"collection":[{"href":"https:\/\/yurtbakisi.com\/index.php?rest_route=\/wp\/v2\/posts"}],"about":[{"href":"https:\/\/yurtbakisi.com\/index.php?rest_route=\/wp\/v2\/types\/post"}],"replies":[{"embeddable":true,"href":"https:\/\/yurtbakisi.com\/index.php?rest_route=%2Fwp%2Fv2%2Fcomments&post=7815"}],"version-history":[{"count":1,"href":"https:\/\/yurtbakisi.com\/index.php?rest_route=\/wp\/v2\/posts\/7815\/revisions"}],"predecessor-version":[{"id":7817,"href":"https:\/\/yurtbakisi.com\/index.php?rest_route=\/wp\/v2\/posts\/7815\/revisions\/7817"}],"wp:featuredmedia":[{"embeddable":true,"href":"https:\/\/yurtbakisi.com\/index.php?rest_route=\/wp\/v2\/media\/7816"}],"wp:attachment":[{"href":"https:\/\/yurtbakisi.com\/index.php?rest_route=%2Fwp%2Fv2%2Fmedia&parent=7815"}],"wp:term":[{"taxonomy":"category","embeddable":true,"href":"https:\/\/yurtbakisi.com\/index.php?rest_route=%2Fwp%2Fv2%2Fcategories&post=7815"},{"taxonomy":"post_tag","embeddable":true,"href":"https:\/\/yurtbakisi.com\/index.php?rest_route=%2Fwp%2Fv2%2Ftags&post=7815"},{"taxonomy":"yb_news_series","embeddable":true,"href":"https:\/\/yurtbakisi.com\/index.php?rest_route=%2Fwp%2Fv2%2Fyb_news_series&post=7815"},{"taxonomy":"yb_language","embeddable":true,"href":"https:\/\/yurtbakisi.com\/index.php?rest_route=%2Fwp%2Fv2%2Fyb_language&post=7815"}],"curies":[{"name":"wp","href":"https:\/\/api.w.org\/{rel}","templated":true}]}}