{"id":7830,"date":"2026-09-01T01:50:20","date_gmt":"2026-08-31T22:50:20","guid":{"rendered":"https:\/\/yurtbakisi.com\/?p=7830"},"modified":"2026-09-01T01:50:20","modified_gmt":"2026-08-31T22:50:20","slug":"diziler-ne-zaman-baslayacak-dizilerin-baslangic-tarihi-belli-oldu-mu-cnn-turk","status":"publish","type":"post","link":"https:\/\/yurtbakisi.com\/?p=7830","title":{"rendered":"D\u0130Z\u0130LER NE ZAMAN BA\u015eLAYACAK? Dizilerin ba\u015flang\u0131\u00e7 tarihi belli oldu mu? &#8211; CNN T\u00fcrk"},"content":{"rendered":"<div class=\"yb-imported-news-note\">\n<p>D\u0130Z\u0130LER NE ZAMAN BA\u015eLAYACAK? Dizilerin ba\u015flang\u0131\u00e7 tarihi belli oldu mu? CNN T\u00fcrk<\/p>\n<p><strong>Kaynak:<\/strong> Canl\u0131 Ak\u0131\u015f \u2014 Magazin \u2014 Ayr\u0131nt\u0131lar ve tam i\u00e7erik i\u00e7in <a href=\"https:\/\/news.google.com\/rss\/articles\/CBMirAFBVV95cUxPTk03bmxDTGxZREpqVXVwS2VHaDA1UmdxekNiVjQ3cERGWjhyWDZ3NEZsdjdpcEtFMjhPb2V3azVuTFJpRjJHbU5pX1F4cjVqbkdQaWF2WDhuYml1bl8xcTl5emI0Qmc4ZGl3bDVfejBxN0hkRlpEWG9QRW0xZEZ3VFhGazFSeU1VTUx6b0F5bzVNOGxOLVhOMWY1V0c5a000djVsc0VIWHZ1V3NN?oc=5\" target=\"_blank\" rel=\"nofollow noopener noreferrer\">\u00f6zg\u00fcn haberi a\u00e7\u0131n<\/a>.<\/p>\n<p><small>Bu kay\u0131t RSS haber havuzuna k\u0131sa kaynak \u00f6zeti olarak al\u0131nm\u0131\u015ft\u0131r; \u00f6zg\u00fcn metnin tamam\u0131 kopyalanmam\u0131\u015ft\u0131r.<\/small><\/p>\n<\/div>\n","protected":false},"excerpt":{"rendered":"<p>D\u0130Z\u0130LER NE ZAMAN BA\u015eLAYACAK? Dizilerin ba\u015flang\u0131\u00e7 tarihi belli oldu mu? CNN T\u00fcrk<\/p>\n","protected":false},"author":1,"featured_media":0,"comment_status":"closed","ping_status":"closed","sticky":false,"template":"","format":"standard","meta":{"_yb_topic_hash":"88f2aa7d88c9ece65af28814a0d4b040299ac80dd8ec20b7e6352e103f31983e","_yb_image_repair_status":"failed","_yb_image_repair_last":"2026-09-01 02:59:05","_yb_image_repair_attempts":1,"_yb_source_trust_score":93,"footnotes":""},"categories":[27,25,15,3],"tags":[108,114],"yb_news_series":[],"yb_language":[],"class_list":["post-7830","post","type-post","status-publish","format-standard","has-post-thumbnail","hentry","category-dizi-haberleri","category-diziler","category-magazin","category-tv-dizi","tag-canli-akis-magazin","tag-dizi"],"blocksy_meta":[],"_links":{"self":[{"href":"https:\/\/yurtbakisi.com\/index.php?rest_route=\/wp\/v2\/posts\/7830","targetHints":{"allow":["GET"]}}],"collection":[{"href":"https:\/\/yurtbakisi.com\/index.php?rest_route=\/wp\/v2\/posts"}],"about":[{"href":"https:\/\/yurtbakisi.com\/index.php?rest_route=\/wp\/v2\/types\/post"}],"author":[{"embeddable":true,"href":"https:\/\/yurtbakisi.com\/index.php?rest_route=\/wp\/v2\/users\/1"}],"replies":[{"embeddable":true,"href":"https:\/\/yurtbakisi.com\/index.php?rest_route=%2Fwp%2Fv2%2Fcomments&post=7830"}],"version-history":[{"count":0,"href":"https:\/\/yurtbakisi.com\/index.php?rest_route=\/wp\/v2\/posts\/7830\/revisions"}],"wp:attachment":[{"href":"https:\/\/yurtbakisi.com\/index.php?rest_route=%2Fwp%2Fv2%2Fmedia&parent=7830"}],"wp:term":[{"taxonomy":"category","embeddable":true,"href":"https:\/\/yurtbakisi.com\/index.php?rest_route=%2Fwp%2Fv2%2Fcategories&post=7830"},{"taxonomy":"post_tag","embeddable":true,"href":"https:\/\/yurtbakisi.com\/index.php?rest_route=%2Fwp%2Fv2%2Ftags&post=7830"},{"taxonomy":"yb_news_series","embeddable":true,"href":"https:\/\/yurtbakisi.com\/index.php?rest_route=%2Fwp%2Fv2%2Fyb_news_series&post=7830"},{"taxonomy":"yb_language","embeddable":true,"href":"https:\/\/yurtbakisi.com\/index.php?rest_route=%2Fwp%2Fv2%2Fyb_language&post=7830"}],"curies":[{"name":"wp","href":"https:\/\/api.w.org\/{rel}","templated":true}]}}