{"id":7837,"date":"2026-09-01T02:01:08","date_gmt":"2026-08-31T23:01:08","guid":{"rendered":"https:\/\/yurtbakisi.com\/?p=7837"},"modified":"2026-09-01T02:01:15","modified_gmt":"2026-08-31T23:01:15","slug":"yaz-havasi-geri-donuyor-sicakliklar-mevsim-normallerinin-uzerine-cikacak","status":"publish","type":"post","link":"https:\/\/yurtbakisi.com\/?p=7837","title":{"rendered":"Yaz havas\u0131 geri d\u00f6n\u00fcyor: S\u0131cakl\u0131klar mevsim normallerinin \u00fczerine \u00e7\u0131kacak"},"content":{"rendered":"<p>Ge\u00e7en hafta ani bir d\u00fc\u015f\u00fc\u015fle mevsim normallerinin alt\u0131na inen ve bir\u00e7ok b\u00f6lgede ya\u011f\u0131\u015flara neden olan hava durumu, yeni haftayla birlikte rotas\u0131n\u0131 tekrar &quot;yaz moduna&quot; k\u0131r\u0131yor.<\/p>\n<p><strong>Kaynak:<\/strong> TRT Haber \u2014 <a href=\"https:\/\/www.trthaber.com\/haber\/gundem\/yaz-havasi-geri-donuyor-sicakliklar-mevsim-normallerinin-uzerine-cikacak-955421.html\" target=\"_blank\" rel=\"nofollow noopener\">Haberin devam\u0131n\u0131 \u00f6zg\u00fcn kayna\u011f\u0131nda oku<\/a><\/p>\n","protected":false},"excerpt":{"rendered":"<p>Ge\u00e7en hafta ani bir d\u00fc\u015f\u00fc\u015fle mevsim normallerinin alt\u0131na inen ve bir\u00e7ok b\u00f6lgede ya\u011f\u0131\u015flara neden olan hava durumu, yeni haftayla birlikte rotas\u0131n\u0131 tekrar &#8220;yaz moduna&#8221; k\u0131r\u0131yor.<\/p>\n","protected":false},"author":0,"featured_media":7838,"comment_status":"closed","ping_status":"closed","sticky":false,"template":"","format":"standard","meta":{"_yb_topic_hash":"b28d06d4d089317e8aba2eb16d1a40abeebb4085541c69bb7f6996af69c4d3b1","_yb_image_repair_status":"","_yb_image_repair_last":"","_yb_image_repair_attempts":0,"_yb_source_trust_score":0,"footnotes":""},"categories":[153],"tags":[],"yb_news_series":[],"yb_language":[],"class_list":["post-7837","post","type-post","status-publish","format-standard","has-post-thumbnail","hentry","category-gundem"],"blocksy_meta":[],"_links":{"self":[{"href":"https:\/\/yurtbakisi.com\/index.php?rest_route=\/wp\/v2\/posts\/7837","targetHints":{"allow":["GET"]}}],"collection":[{"href":"https:\/\/yurtbakisi.com\/index.php?rest_route=\/wp\/v2\/posts"}],"about":[{"href":"https:\/\/yurtbakisi.com\/index.php?rest_route=\/wp\/v2\/types\/post"}],"replies":[{"embeddable":true,"href":"https:\/\/yurtbakisi.com\/index.php?rest_route=%2Fwp%2Fv2%2Fcomments&post=7837"}],"version-history":[{"count":1,"href":"https:\/\/yurtbakisi.com\/index.php?rest_route=\/wp\/v2\/posts\/7837\/revisions"}],"predecessor-version":[{"id":7839,"href":"https:\/\/yurtbakisi.com\/index.php?rest_route=\/wp\/v2\/posts\/7837\/revisions\/7839"}],"wp:featuredmedia":[{"embeddable":true,"href":"https:\/\/yurtbakisi.com\/index.php?rest_route=\/wp\/v2\/media\/7838"}],"wp:attachment":[{"href":"https:\/\/yurtbakisi.com\/index.php?rest_route=%2Fwp%2Fv2%2Fmedia&parent=7837"}],"wp:term":[{"taxonomy":"category","embeddable":true,"href":"https:\/\/yurtbakisi.com\/index.php?rest_route=%2Fwp%2Fv2%2Fcategories&post=7837"},{"taxonomy":"post_tag","embeddable":true,"href":"https:\/\/yurtbakisi.com\/index.php?rest_route=%2Fwp%2Fv2%2Ftags&post=7837"},{"taxonomy":"yb_news_series","embeddable":true,"href":"https:\/\/yurtbakisi.com\/index.php?rest_route=%2Fwp%2Fv2%2Fyb_news_series&post=7837"},{"taxonomy":"yb_language","embeddable":true,"href":"https:\/\/yurtbakisi.com\/index.php?rest_route=%2Fwp%2Fv2%2Fyb_language&post=7837"}],"curies":[{"name":"wp","href":"https:\/\/api.w.org\/{rel}","templated":true}]}}