{"id":7841,"date":"2026-09-01T03:00:38","date_gmt":"2026-09-01T00:00:38","guid":{"rendered":"https:\/\/yurtbakisi.com\/?p=7841"},"modified":"2026-09-01T03:00:44","modified_gmt":"2026-09-01T00:00:44","slug":"gelecegin-elektrikli-araclari-teknofest-2026da-piste-cikiyor","status":"publish","type":"post","link":"https:\/\/yurtbakisi.com\/?p=7841","title":{"rendered":"Gelece\u011fin elektrikli ara\u00e7lar\u0131 TEKNOFEST 2026da piste \u00e7\u0131k\u0131yor"},"content":{"rendered":"<p>Gen\u00e7lerin tasarlad\u0131\u011f\u0131 elektrikli ve hidrojen yak\u0131t h\u00fccreli ara\u00e7lar T\u00dcB\u0130TAK Gebze Yerle\u015fkesinde yar\u0131\u015facak.<\/p>\n<p><strong>Kaynak:<\/strong> TRT Haber \u2014 <a href=\"https:\/\/www.trthaber.com\/haber\/bilim-teknoloji\/gelecegin-elektrikli-araclari-teknofest-2026da-piste-cikiyor-955469.html\" target=\"_blank\" rel=\"nofollow noopener\">Haberin devam\u0131n\u0131 \u00f6zg\u00fcn kayna\u011f\u0131nda oku<\/a><\/p>\n","protected":false},"excerpt":{"rendered":"<p>Gen\u00e7lerin tasarlad\u0131\u011f\u0131 elektrikli ve hidrojen yak\u0131t h\u00fccreli ara\u00e7lar T\u00dcB\u0130TAK Gebze Yerle\u015fkesinde yar\u0131\u015facak.<\/p>\n","protected":false},"author":0,"featured_media":7842,"comment_status":"closed","ping_status":"closed","sticky":false,"template":"","format":"standard","meta":{"_yb_topic_hash":"27bb5a5f6515c103213d5153ec7e68e251b2a28df388dd82177483122452563f","_yb_image_repair_status":"","_yb_image_repair_last":"","_yb_image_repair_attempts":0,"_yb_source_trust_score":0,"footnotes":""},"categories":[89,158],"tags":[],"yb_news_series":[],"yb_language":[],"class_list":["post-7841","post","type-post","status-publish","format-standard","has-post-thumbnail","hentry","category-otomobil","category-teknoloji"],"blocksy_meta":[],"_links":{"self":[{"href":"https:\/\/yurtbakisi.com\/index.php?rest_route=\/wp\/v2\/posts\/7841","targetHints":{"allow":["GET"]}}],"collection":[{"href":"https:\/\/yurtbakisi.com\/index.php?rest_route=\/wp\/v2\/posts"}],"about":[{"href":"https:\/\/yurtbakisi.com\/index.php?rest_route=\/wp\/v2\/types\/post"}],"replies":[{"embeddable":true,"href":"https:\/\/yurtbakisi.com\/index.php?rest_route=%2Fwp%2Fv2%2Fcomments&post=7841"}],"version-history":[{"count":1,"href":"https:\/\/yurtbakisi.com\/index.php?rest_route=\/wp\/v2\/posts\/7841\/revisions"}],"predecessor-version":[{"id":7843,"href":"https:\/\/yurtbakisi.com\/index.php?rest_route=\/wp\/v2\/posts\/7841\/revisions\/7843"}],"wp:featuredmedia":[{"embeddable":true,"href":"https:\/\/yurtbakisi.com\/index.php?rest_route=\/wp\/v2\/media\/7842"}],"wp:attachment":[{"href":"https:\/\/yurtbakisi.com\/index.php?rest_route=%2Fwp%2Fv2%2Fmedia&parent=7841"}],"wp:term":[{"taxonomy":"category","embeddable":true,"href":"https:\/\/yurtbakisi.com\/index.php?rest_route=%2Fwp%2Fv2%2Fcategories&post=7841"},{"taxonomy":"post_tag","embeddable":true,"href":"https:\/\/yurtbakisi.com\/index.php?rest_route=%2Fwp%2Fv2%2Ftags&post=7841"},{"taxonomy":"yb_news_series","embeddable":true,"href":"https:\/\/yurtbakisi.com\/index.php?rest_route=%2Fwp%2Fv2%2Fyb_news_series&post=7841"},{"taxonomy":"yb_language","embeddable":true,"href":"https:\/\/yurtbakisi.com\/index.php?rest_route=%2Fwp%2Fv2%2Fyb_language&post=7841"}],"curies":[{"name":"wp","href":"https:\/\/api.w.org\/{rel}","templated":true}]}}