{"id":7863,"date":"2026-09-01T07:57:00","date_gmt":"2026-09-01T04:57:00","guid":{"rendered":"https:\/\/yurtbakisi.com\/?p=7863"},"modified":"2026-09-01T07:57:00","modified_gmt":"2026-09-01T04:57:00","slug":"kerem-bursin-ile-selin-yagcioglu-yine-kafalari-karistirdi-posta","status":"publish","type":"post","link":"https:\/\/yurtbakisi.com\/?p=7863","title":{"rendered":"Kerem B\u00fcrsin ile Selin Ya\u011fc\u0131o\u011flu yine kafalar\u0131 kar\u0131\u015ft\u0131rd\u0131&#8230; &#8211; Posta"},"content":{"rendered":"<div class=\"yb-imported-news-note\">\n<p>Kerem B\u00fcrsin ile Selin Ya\u011fc\u0131o\u011flu yine kafalar\u0131 kar\u0131\u015ft\u0131rd\u0131&#8230; Posta<\/p>\n<p><strong>Kaynak:<\/strong> Canl\u0131 Ak\u0131\u015f \u2014 Magazin \u2014 Ayr\u0131nt\u0131lar ve tam i\u00e7erik i\u00e7in <a href=\"https:\/\/news.google.com\/rss\/articles\/CBMingFBVV95cUxQVl9udGtXek5RQ1FVdTg5cDlmNFdQVkN5S0ZseDZWa3NmVE5ERzlYOTN1R0ZUM1h1a0xhVExPeHQzYmxDdTBKV0c4UUNqdGVtN3dZNlNUeU1HcGtIOG1aQ2h5WUI5TmpzUzFqcVRGb0M4UERkdHViczJ5ZGl6Rjd5MTlVVHYxdXRLMWhjcXdfTjJmRlQwcjlPRkxISWM3QQ?oc=5\" target=\"_blank\" rel=\"nofollow noopener noreferrer\">\u00f6zg\u00fcn haberi a\u00e7\u0131n<\/a>.<\/p>\n<p><small>Bu kay\u0131t RSS haber havuzuna k\u0131sa kaynak \u00f6zeti olarak al\u0131nm\u0131\u015ft\u0131r; \u00f6zg\u00fcn metnin tamam\u0131 kopyalanmam\u0131\u015ft\u0131r.<\/small><\/p>\n<\/div>\n","protected":false},"excerpt":{"rendered":"<p>Kerem B\u00fcrsin ile Selin Ya\u011fc\u0131o\u011flu yine kafalar\u0131 kar\u0131\u015ft\u0131rd\u0131&#8230; Posta<\/p>\n","protected":false},"author":1,"featured_media":0,"comment_status":"closed","ping_status":"closed","sticky":false,"template":"","format":"standard","meta":{"_yb_topic_hash":"93af163e14d27a48e5c345832a8ff39f91064e6c07e609a4feac505cfb79a7ea","_yb_image_repair_status":"failed","_yb_image_repair_last":"2026-09-01 08:56:24","_yb_image_repair_attempts":1,"_yb_source_trust_score":93,"footnotes":""},"categories":[15],"tags":[108],"yb_news_series":[],"yb_language":[],"class_list":["post-7863","post","type-post","status-publish","format-standard","has-post-thumbnail","hentry","category-magazin","tag-canli-akis-magazin"],"blocksy_meta":[],"_links":{"self":[{"href":"https:\/\/yurtbakisi.com\/index.php?rest_route=\/wp\/v2\/posts\/7863","targetHints":{"allow":["GET"]}}],"collection":[{"href":"https:\/\/yurtbakisi.com\/index.php?rest_route=\/wp\/v2\/posts"}],"about":[{"href":"https:\/\/yurtbakisi.com\/index.php?rest_route=\/wp\/v2\/types\/post"}],"author":[{"embeddable":true,"href":"https:\/\/yurtbakisi.com\/index.php?rest_route=\/wp\/v2\/users\/1"}],"replies":[{"embeddable":true,"href":"https:\/\/yurtbakisi.com\/index.php?rest_route=%2Fwp%2Fv2%2Fcomments&post=7863"}],"version-history":[{"count":0,"href":"https:\/\/yurtbakisi.com\/index.php?rest_route=\/wp\/v2\/posts\/7863\/revisions"}],"wp:attachment":[{"href":"https:\/\/yurtbakisi.com\/index.php?rest_route=%2Fwp%2Fv2%2Fmedia&parent=7863"}],"wp:term":[{"taxonomy":"category","embeddable":true,"href":"https:\/\/yurtbakisi.com\/index.php?rest_route=%2Fwp%2Fv2%2Fcategories&post=7863"},{"taxonomy":"post_tag","embeddable":true,"href":"https:\/\/yurtbakisi.com\/index.php?rest_route=%2Fwp%2Fv2%2Ftags&post=7863"},{"taxonomy":"yb_news_series","embeddable":true,"href":"https:\/\/yurtbakisi.com\/index.php?rest_route=%2Fwp%2Fv2%2Fyb_news_series&post=7863"},{"taxonomy":"yb_language","embeddable":true,"href":"https:\/\/yurtbakisi.com\/index.php?rest_route=%2Fwp%2Fv2%2Fyb_language&post=7863"}],"curies":[{"name":"wp","href":"https:\/\/api.w.org\/{rel}","templated":true}]}}