{"id":7868,"date":"2026-09-01T08:47:41","date_gmt":"2026-09-01T05:47:41","guid":{"rendered":"https:\/\/yurtbakisi.com\/?p=7868"},"modified":"2026-09-01T08:47:41","modified_gmt":"2026-09-01T05:47:41","slug":"kalp-krizi-gecirip-anjiyo-olan-cem-yilmaz-taburcu-oldu-milliyet","status":"publish","type":"post","link":"https:\/\/yurtbakisi.com\/?p=7868","title":{"rendered":"Kalp krizi ge\u00e7irip anjiyo olan Cem Y\u0131lmaz taburcu oldu &#8211; Milliyet"},"content":{"rendered":"<div class=\"yb-imported-news-note\">\n<p>Kalp krizi ge\u00e7irip anjiyo olan Cem Y\u0131lmaz taburcu oldu Milliyet<\/p>\n<p><strong>Kaynak:<\/strong> Canl\u0131 Ak\u0131\u015f \u2014 Magazin \u2014 Ayr\u0131nt\u0131lar ve tam i\u00e7erik i\u00e7in <a href=\"https:\/\/news.google.com\/rss\/articles\/CBMinwFBVV95cUxPR0VNR1JwQlRhb0oyRE0tUXZCZXVkX25leGNLaGhTLW9RdWtPUXViSjFDQmtjeWppUGR1YmVZQzJkODRUOVRkQ0RwSEpzUndtb3h6YjV4MGh2cXlzT0s2N2hBbWFrWmd1b2N4dDlKVlNMbVpJdXlrUlQyd0l1LVZYQ3Ztb2huQmxUNWgtN2VyX1ZPSjRlVzhaLV9DaDl3c2c?oc=5\" target=\"_blank\" rel=\"nofollow noopener noreferrer\">\u00f6zg\u00fcn haberi a\u00e7\u0131n<\/a>.<\/p>\n<p><small>Bu kay\u0131t RSS haber havuzuna k\u0131sa kaynak \u00f6zeti olarak al\u0131nm\u0131\u015ft\u0131r; \u00f6zg\u00fcn metnin tamam\u0131 kopyalanmam\u0131\u015ft\u0131r.<\/small><\/p>\n<\/div>\n","protected":false},"excerpt":{"rendered":"<p>Kalp krizi ge\u00e7irip anjiyo olan Cem Y\u0131lmaz taburcu oldu Milliyet<\/p>\n","protected":false},"author":1,"featured_media":0,"comment_status":"closed","ping_status":"closed","sticky":false,"template":"","format":"standard","meta":{"_yb_topic_hash":"adac745152c4520612d7d8bf95c961bacaf34a025851cbc9c5347e1ced06bf24","_yb_image_repair_status":"failed","_yb_image_repair_last":"2026-09-01 08:56:24","_yb_image_repair_attempts":1,"_yb_source_trust_score":93,"footnotes":""},"categories":[15],"tags":[121,108],"yb_news_series":[],"yb_language":[],"class_list":["post-7868","post","type-post","status-publish","format-standard","has-post-thumbnail","hentry","category-magazin","tag-astroloji","tag-canli-akis-magazin"],"blocksy_meta":[],"_links":{"self":[{"href":"https:\/\/yurtbakisi.com\/index.php?rest_route=\/wp\/v2\/posts\/7868","targetHints":{"allow":["GET"]}}],"collection":[{"href":"https:\/\/yurtbakisi.com\/index.php?rest_route=\/wp\/v2\/posts"}],"about":[{"href":"https:\/\/yurtbakisi.com\/index.php?rest_route=\/wp\/v2\/types\/post"}],"author":[{"embeddable":true,"href":"https:\/\/yurtbakisi.com\/index.php?rest_route=\/wp\/v2\/users\/1"}],"replies":[{"embeddable":true,"href":"https:\/\/yurtbakisi.com\/index.php?rest_route=%2Fwp%2Fv2%2Fcomments&post=7868"}],"version-history":[{"count":0,"href":"https:\/\/yurtbakisi.com\/index.php?rest_route=\/wp\/v2\/posts\/7868\/revisions"}],"wp:attachment":[{"href":"https:\/\/yurtbakisi.com\/index.php?rest_route=%2Fwp%2Fv2%2Fmedia&parent=7868"}],"wp:term":[{"taxonomy":"category","embeddable":true,"href":"https:\/\/yurtbakisi.com\/index.php?rest_route=%2Fwp%2Fv2%2Fcategories&post=7868"},{"taxonomy":"post_tag","embeddable":true,"href":"https:\/\/yurtbakisi.com\/index.php?rest_route=%2Fwp%2Fv2%2Ftags&post=7868"},{"taxonomy":"yb_news_series","embeddable":true,"href":"https:\/\/yurtbakisi.com\/index.php?rest_route=%2Fwp%2Fv2%2Fyb_news_series&post=7868"},{"taxonomy":"yb_language","embeddable":true,"href":"https:\/\/yurtbakisi.com\/index.php?rest_route=%2Fwp%2Fv2%2Fyb_language&post=7868"}],"curies":[{"name":"wp","href":"https:\/\/api.w.org\/{rel}","templated":true}]}}