{"id":7879,"date":"2026-09-01T10:03:39","date_gmt":"2026-09-01T07:03:39","guid":{"rendered":"https:\/\/yurtbakisi.com\/?p=7879"},"modified":"2026-09-01T10:03:46","modified_gmt":"2026-09-01T07:03:46","slug":"viraji-alamayan-otomobilin-is-yerine-girdigi-anlar-kamerada","status":"publish","type":"post","link":"https:\/\/yurtbakisi.com\/?p=7879","title":{"rendered":"Viraj\u0131 alamayan otomobilin i\u015f yerine girdi\u011fi anlar kamerada"},"content":{"rendered":"<p>Mersin&#039;in Erdemli il\u00e7esinde s\u00fcr\u00fcc\u00fcs\u00fcn\u00fcn viraj\u0131 alamad\u0131\u011f\u0131 otomobil, yol kenar\u0131ndaki galerinin cam\u0131n\u0131 k\u0131rarak i\u015f yerine girdi. Kazada ara\u00e7ta bulunan 3 ki\u015fiden 1&#039;i hafif yaralan\u0131rken, kaza an\u0131 g\u00fcvenlik kameras\u0131na yans\u0131d\u0131.<\/p>\n<p><strong>Kaynak:<\/strong> TRT Haber \u2014 <a href=\"https:\/\/www.trthaber.com\/haber\/turkiye\/viraji-alamayan-otomobilin-is-yerine-girdigi-anlar-kamerada-955523.html\" target=\"_blank\" rel=\"nofollow noopener\">Haberin devam\u0131n\u0131 \u00f6zg\u00fcn kayna\u011f\u0131nda oku<\/a><\/p>\n","protected":false},"excerpt":{"rendered":"<p>Mersin&#8217;in Erdemli il\u00e7esinde s\u00fcr\u00fcc\u00fcs\u00fcn\u00fcn viraj\u0131 alamad\u0131\u011f\u0131 otomobil, yol kenar\u0131ndaki galerinin cam\u0131n\u0131 k\u0131rarak i\u015f yerine girdi. Kazada ara\u00e7ta bulunan 3 ki\u015fiden 1&#8217;i hafif yaralan\u0131rken, kaza an\u0131 g\u00fcvenlik kameras\u0131na yans\u0131d\u0131.<\/p>\n","protected":false},"author":0,"featured_media":7880,"comment_status":"closed","ping_status":"closed","sticky":false,"template":"","format":"standard","meta":{"_yb_topic_hash":"38d870d8065d546364f0dd50a93efc21661a13a8f29d6d339a504815cc01a665","_yb_image_repair_status":"","_yb_image_repair_last":"","_yb_image_repair_attempts":0,"_yb_source_trust_score":0,"footnotes":""},"categories":[89,154],"tags":[128],"yb_news_series":[],"yb_language":[],"class_list":["post-7879","post","type-post","status-publish","format-standard","has-post-thumbnail","hentry","category-otomobil","category-turkiye","tag-yasam"],"blocksy_meta":[],"_links":{"self":[{"href":"https:\/\/yurtbakisi.com\/index.php?rest_route=\/wp\/v2\/posts\/7879","targetHints":{"allow":["GET"]}}],"collection":[{"href":"https:\/\/yurtbakisi.com\/index.php?rest_route=\/wp\/v2\/posts"}],"about":[{"href":"https:\/\/yurtbakisi.com\/index.php?rest_route=\/wp\/v2\/types\/post"}],"replies":[{"embeddable":true,"href":"https:\/\/yurtbakisi.com\/index.php?rest_route=%2Fwp%2Fv2%2Fcomments&post=7879"}],"version-history":[{"count":1,"href":"https:\/\/yurtbakisi.com\/index.php?rest_route=\/wp\/v2\/posts\/7879\/revisions"}],"predecessor-version":[{"id":7881,"href":"https:\/\/yurtbakisi.com\/index.php?rest_route=\/wp\/v2\/posts\/7879\/revisions\/7881"}],"wp:featuredmedia":[{"embeddable":true,"href":"https:\/\/yurtbakisi.com\/index.php?rest_route=\/wp\/v2\/media\/7880"}],"wp:attachment":[{"href":"https:\/\/yurtbakisi.com\/index.php?rest_route=%2Fwp%2Fv2%2Fmedia&parent=7879"}],"wp:term":[{"taxonomy":"category","embeddable":true,"href":"https:\/\/yurtbakisi.com\/index.php?rest_route=%2Fwp%2Fv2%2Fcategories&post=7879"},{"taxonomy":"post_tag","embeddable":true,"href":"https:\/\/yurtbakisi.com\/index.php?rest_route=%2Fwp%2Fv2%2Ftags&post=7879"},{"taxonomy":"yb_news_series","embeddable":true,"href":"https:\/\/yurtbakisi.com\/index.php?rest_route=%2Fwp%2Fv2%2Fyb_news_series&post=7879"},{"taxonomy":"yb_language","embeddable":true,"href":"https:\/\/yurtbakisi.com\/index.php?rest_route=%2Fwp%2Fv2%2Fyb_language&post=7879"}],"curies":[{"name":"wp","href":"https:\/\/api.w.org\/{rel}","templated":true}]}}