{"id":7889,"date":"2026-09-01T09:59:17","date_gmt":"2026-09-01T06:59:17","guid":{"rendered":"https:\/\/yurtbakisi.com\/?p=7889"},"modified":"2026-09-01T09:59:17","modified_gmt":"2026-09-01T06:59:17","slug":"orhan-gencebayin-82-yasindaki-esinden-bikinili-poz-rabbim-comert-davranmis-posta","status":"publish","type":"post","link":"https:\/\/yurtbakisi.com\/?p=7889","title":{"rendered":"Orhan Gencebay&#8217;\u0131n 82 ya\u015f\u0131ndaki e\u015finden bikinili poz! &#8216;Rabbim c\u00f6mert davranm\u0131\u015f&#8217; &#8211; Posta"},"content":{"rendered":"<div class=\"yb-imported-news-note\">\n<p>Orhan Gencebay&#039;\u0131n 82 ya\u015f\u0131ndaki e\u015finden bikinili poz! &#039;Rabbim c\u00f6mert davranm\u0131\u015f&#039; Posta<\/p>\n<p><strong>Kaynak:<\/strong> Canl\u0131 Ak\u0131\u015f \u2014 Magazin \u2014 Ayr\u0131nt\u0131lar ve tam i\u00e7erik i\u00e7in <a href=\"https:\/\/news.google.com\/rss\/articles\/CBMitAFBVV95cUxQSWszNnYySldoRGRiMGhJU1JwNnNqQ0swUEVNdTJNMVl0YVRWeC15NG8wU2pJVFRsOEY1Ti1jUV9TaUdBeHM3VU5HSzlfZWZsUVFqTmhCbHBQZFRQS0kwQ29SZEF3N1RjdFUtbUEtaDVFb3pTZWJKRVBud0dRS3JaVTRKakFCUnVRT2NyR0lOU2xvQXRfU3Nld05tdUhGa1NBQ0JiME83clJCTTVLekVCTmFuZFo?oc=5\" target=\"_blank\" rel=\"nofollow noopener noreferrer\">\u00f6zg\u00fcn haberi a\u00e7\u0131n<\/a>.<\/p>\n<p><small>Bu kay\u0131t RSS haber havuzuna k\u0131sa kaynak \u00f6zeti olarak al\u0131nm\u0131\u015ft\u0131r; \u00f6zg\u00fcn metnin tamam\u0131 kopyalanmam\u0131\u015ft\u0131r.<\/small><\/p>\n<\/div>\n","protected":false},"excerpt":{"rendered":"<p>Orhan Gencebay&#8217;\u0131n 82 ya\u015f\u0131ndaki e\u015finden bikinili poz! &#8216;Rabbim c\u00f6mert davranm\u0131\u015f&#8217; Posta<\/p>\n","protected":false},"author":1,"featured_media":0,"comment_status":"closed","ping_status":"closed","sticky":false,"template":"","format":"standard","meta":{"_yb_topic_hash":"a51e9a677b8e313506dd2bc4707978b95dd73ca21bc3c02bdb3901be3e10e13b","_yb_image_repair_status":"","_yb_image_repair_last":"","_yb_image_repair_attempts":0,"_yb_source_trust_score":93,"footnotes":""},"categories":[15],"tags":[108],"yb_news_series":[],"yb_language":[],"class_list":["post-7889","post","type-post","status-publish","format-standard","has-post-thumbnail","hentry","category-magazin","tag-canli-akis-magazin"],"blocksy_meta":[],"_links":{"self":[{"href":"https:\/\/yurtbakisi.com\/index.php?rest_route=\/wp\/v2\/posts\/7889","targetHints":{"allow":["GET"]}}],"collection":[{"href":"https:\/\/yurtbakisi.com\/index.php?rest_route=\/wp\/v2\/posts"}],"about":[{"href":"https:\/\/yurtbakisi.com\/index.php?rest_route=\/wp\/v2\/types\/post"}],"author":[{"embeddable":true,"href":"https:\/\/yurtbakisi.com\/index.php?rest_route=\/wp\/v2\/users\/1"}],"replies":[{"embeddable":true,"href":"https:\/\/yurtbakisi.com\/index.php?rest_route=%2Fwp%2Fv2%2Fcomments&post=7889"}],"version-history":[{"count":0,"href":"https:\/\/yurtbakisi.com\/index.php?rest_route=\/wp\/v2\/posts\/7889\/revisions"}],"wp:attachment":[{"href":"https:\/\/yurtbakisi.com\/index.php?rest_route=%2Fwp%2Fv2%2Fmedia&parent=7889"}],"wp:term":[{"taxonomy":"category","embeddable":true,"href":"https:\/\/yurtbakisi.com\/index.php?rest_route=%2Fwp%2Fv2%2Fcategories&post=7889"},{"taxonomy":"post_tag","embeddable":true,"href":"https:\/\/yurtbakisi.com\/index.php?rest_route=%2Fwp%2Fv2%2Ftags&post=7889"},{"taxonomy":"yb_news_series","embeddable":true,"href":"https:\/\/yurtbakisi.com\/index.php?rest_route=%2Fwp%2Fv2%2Fyb_news_series&post=7889"},{"taxonomy":"yb_language","embeddable":true,"href":"https:\/\/yurtbakisi.com\/index.php?rest_route=%2Fwp%2Fv2%2Fyb_language&post=7889"}],"curies":[{"name":"wp","href":"https:\/\/api.w.org\/{rel}","templated":true}]}}