{"id":7892,"date":"2026-09-01T10:06:00","date_gmt":"2026-09-01T07:06:00","guid":{"rendered":"https:\/\/yurtbakisi.com\/?p=7892"},"modified":"2026-09-01T10:06:00","modified_gmt":"2026-09-01T07:06:00","slug":"afra-saracoglunun-annesini-gorenler-saskina-dondu-guzellik-genetikmis-posta","status":"publish","type":"post","link":"https:\/\/yurtbakisi.com\/?p=7892","title":{"rendered":"Afra Sara\u00e7o\u011flu&#8217;nun annesini g\u00f6renler \u015fa\u015fk\u0131na d\u00f6nd\u00fc: &#8216;G\u00fczellik genetikmi\u015f&#8217; &#8211; Posta"},"content":{"rendered":"<div class=\"yb-imported-news-note\">\n<p>Afra Sara\u00e7o\u011flu&#039;nun annesini g\u00f6renler \u015fa\u015fk\u0131na d\u00f6nd\u00fc: &#039;G\u00fczellik genetikmi\u015f&#039; Posta<\/p>\n<p><strong>Kaynak:<\/strong> Canl\u0131 Ak\u0131\u015f \u2014 Magazin \u2014 Ayr\u0131nt\u0131lar ve tam i\u00e7erik i\u00e7in <a href=\"https:\/\/news.google.com\/rss\/articles\/CBMirgFBVV95cUxOUzdlVV9taEF4bG5VV0YxaVczb25LaDlmNjg5ank2SjU0aWdiVl8tMXM1WnZ4d19NUUlTTWxBN0VYUHc2Sm1qQnY0SDRKZ0lpcWZrVnBmdEloSDktMnE1VWotZFhERklQUVVhamRFaFcwQ18zc25JMjVwVEFaY0loX20xc20tWmVUMHlPM3R6MUk1YU8wN1RhZWI1c0RIMlZWWWhmYUowLWIybmFkZ0E?oc=5\" target=\"_blank\" rel=\"nofollow noopener noreferrer\">\u00f6zg\u00fcn haberi a\u00e7\u0131n<\/a>.<\/p>\n<p><small>Bu kay\u0131t RSS haber havuzuna k\u0131sa kaynak \u00f6zeti olarak al\u0131nm\u0131\u015ft\u0131r; \u00f6zg\u00fcn metnin tamam\u0131 kopyalanmam\u0131\u015ft\u0131r.<\/small><\/p>\n<\/div>\n","protected":false},"excerpt":{"rendered":"<p>Afra Sara\u00e7o\u011flu&#8217;nun annesini g\u00f6renler \u015fa\u015fk\u0131na d\u00f6nd\u00fc: &#8216;G\u00fczellik genetikmi\u015f&#8217; Posta<\/p>\n","protected":false},"author":1,"featured_media":0,"comment_status":"closed","ping_status":"closed","sticky":false,"template":"","format":"standard","meta":{"_yb_topic_hash":"a2d130f5c84d57dae71df102971d8e1a566edb9b660fafe86de3426c0a82011b","_yb_image_repair_status":"","_yb_image_repair_last":"","_yb_image_repair_attempts":0,"_yb_source_trust_score":93,"footnotes":""},"categories":[15],"tags":[108,125],"yb_news_series":[],"yb_language":[],"class_list":["post-7892","post","type-post","status-publish","format-standard","has-post-thumbnail","hentry","category-magazin","tag-canli-akis-magazin","tag-guzellik"],"blocksy_meta":[],"_links":{"self":[{"href":"https:\/\/yurtbakisi.com\/index.php?rest_route=\/wp\/v2\/posts\/7892","targetHints":{"allow":["GET"]}}],"collection":[{"href":"https:\/\/yurtbakisi.com\/index.php?rest_route=\/wp\/v2\/posts"}],"about":[{"href":"https:\/\/yurtbakisi.com\/index.php?rest_route=\/wp\/v2\/types\/post"}],"author":[{"embeddable":true,"href":"https:\/\/yurtbakisi.com\/index.php?rest_route=\/wp\/v2\/users\/1"}],"replies":[{"embeddable":true,"href":"https:\/\/yurtbakisi.com\/index.php?rest_route=%2Fwp%2Fv2%2Fcomments&post=7892"}],"version-history":[{"count":0,"href":"https:\/\/yurtbakisi.com\/index.php?rest_route=\/wp\/v2\/posts\/7892\/revisions"}],"wp:attachment":[{"href":"https:\/\/yurtbakisi.com\/index.php?rest_route=%2Fwp%2Fv2%2Fmedia&parent=7892"}],"wp:term":[{"taxonomy":"category","embeddable":true,"href":"https:\/\/yurtbakisi.com\/index.php?rest_route=%2Fwp%2Fv2%2Fcategories&post=7892"},{"taxonomy":"post_tag","embeddable":true,"href":"https:\/\/yurtbakisi.com\/index.php?rest_route=%2Fwp%2Fv2%2Ftags&post=7892"},{"taxonomy":"yb_news_series","embeddable":true,"href":"https:\/\/yurtbakisi.com\/index.php?rest_route=%2Fwp%2Fv2%2Fyb_news_series&post=7892"},{"taxonomy":"yb_language","embeddable":true,"href":"https:\/\/yurtbakisi.com\/index.php?rest_route=%2Fwp%2Fv2%2Fyb_language&post=7892"}],"curies":[{"name":"wp","href":"https:\/\/api.w.org\/{rel}","templated":true}]}}