{"id":7897,"date":"2026-09-01T11:00:57","date_gmt":"2026-09-01T08:00:57","guid":{"rendered":"https:\/\/yurtbakisi.com\/?p=7897"},"modified":"2026-09-01T11:01:09","modified_gmt":"2026-09-01T08:01:09","slug":"yeni-hicaz-demir-yolu-bolgedeki-dengeleri-degistirecek","status":"publish","type":"post","link":"https:\/\/yurtbakisi.com\/?p=7897","title":{"rendered":"Yeni Hicaz Demir Yolu b\u00f6lgedeki dengeleri de\u011fi\u015ftirecek"},"content":{"rendered":"<p>Sultan 2. Abd\u00fclhamid d\u00f6neminde temeli at\u0131lan ve Medine&#039;ye kadar uzanan Hicaz Demir Yolu, yeniden canland\u0131r\u0131l\u0131yor. Yeni Hicaz Demir Yolu projesiyle, alternatif b\u00f6lgesel g\u00fc\u00e7 ve lojistik koridoru da geli\u015fmi\u015f olacak.<\/p>\n<p><strong>Kaynak:<\/strong> TRT Haber \u2014 <a href=\"https:\/\/www.trthaber.com\/haber\/gundem\/yeni-hicaz-demir-yolu-bolgedeki-dengeleri-degistirecek-955431.html\" target=\"_blank\" rel=\"nofollow noopener\">Haberin devam\u0131n\u0131 \u00f6zg\u00fcn kayna\u011f\u0131nda oku<\/a><\/p>\n","protected":false},"excerpt":{"rendered":"<p>Sultan 2. Abd\u00fclhamid d\u00f6neminde temeli at\u0131lan ve Medine&#8217;ye kadar uzanan Hicaz Demir Yolu, yeniden canland\u0131r\u0131l\u0131yor. Yeni Hicaz Demir Yolu projesiyle, alternatif b\u00f6lgesel g\u00fc\u00e7 ve lojistik koridoru da geli\u015fmi\u015f olacak.<\/p>\n","protected":false},"author":0,"featured_media":7898,"comment_status":"closed","ping_status":"closed","sticky":false,"template":"","format":"standard","meta":{"_yb_topic_hash":"79d89487d4541a3ea904a097b68b99362f5be2daa4f66752ad309e4f62b24b8b","_yb_image_repair_status":"","_yb_image_repair_last":"","_yb_image_repair_attempts":0,"_yb_source_trust_score":0,"footnotes":""},"categories":[153],"tags":[],"yb_news_series":[],"yb_language":[],"class_list":["post-7897","post","type-post","status-publish","format-standard","has-post-thumbnail","hentry","category-gundem"],"blocksy_meta":[],"_links":{"self":[{"href":"https:\/\/yurtbakisi.com\/index.php?rest_route=\/wp\/v2\/posts\/7897","targetHints":{"allow":["GET"]}}],"collection":[{"href":"https:\/\/yurtbakisi.com\/index.php?rest_route=\/wp\/v2\/posts"}],"about":[{"href":"https:\/\/yurtbakisi.com\/index.php?rest_route=\/wp\/v2\/types\/post"}],"replies":[{"embeddable":true,"href":"https:\/\/yurtbakisi.com\/index.php?rest_route=%2Fwp%2Fv2%2Fcomments&post=7897"}],"version-history":[{"count":1,"href":"https:\/\/yurtbakisi.com\/index.php?rest_route=\/wp\/v2\/posts\/7897\/revisions"}],"predecessor-version":[{"id":7899,"href":"https:\/\/yurtbakisi.com\/index.php?rest_route=\/wp\/v2\/posts\/7897\/revisions\/7899"}],"wp:featuredmedia":[{"embeddable":true,"href":"https:\/\/yurtbakisi.com\/index.php?rest_route=\/wp\/v2\/media\/7898"}],"wp:attachment":[{"href":"https:\/\/yurtbakisi.com\/index.php?rest_route=%2Fwp%2Fv2%2Fmedia&parent=7897"}],"wp:term":[{"taxonomy":"category","embeddable":true,"href":"https:\/\/yurtbakisi.com\/index.php?rest_route=%2Fwp%2Fv2%2Fcategories&post=7897"},{"taxonomy":"post_tag","embeddable":true,"href":"https:\/\/yurtbakisi.com\/index.php?rest_route=%2Fwp%2Fv2%2Ftags&post=7897"},{"taxonomy":"yb_news_series","embeddable":true,"href":"https:\/\/yurtbakisi.com\/index.php?rest_route=%2Fwp%2Fv2%2Fyb_news_series&post=7897"},{"taxonomy":"yb_language","embeddable":true,"href":"https:\/\/yurtbakisi.com\/index.php?rest_route=%2Fwp%2Fv2%2Fyb_language&post=7897"}],"curies":[{"name":"wp","href":"https:\/\/api.w.org\/{rel}","templated":true}]}}