{"id":7923,"date":"2026-09-01T11:38:00","date_gmt":"2026-09-01T08:38:00","guid":{"rendered":"https:\/\/yurtbakisi.com\/?p=7923"},"modified":"2026-09-01T11:38:00","modified_gmt":"2026-09-01T08:38:00","slug":"gullu-cinayetinde-tugyanin-eski-nisanlisi-konustu-annesinden-para-caliyordu-posta-com-tr","status":"publish","type":"post","link":"https:\/\/yurtbakisi.com\/?p=7923","title":{"rendered":"G\u00fcll\u00fc cinayetinde Tu\u011fyan&#8217;\u0131n eski ni\u015fanl\u0131s\u0131 konu\u015ftu! &#8216;Annesinden para \u00e7al\u0131yordu&#8217; &#8211; posta.com.tr"},"content":{"rendered":"<div class=\"yb-imported-news-note\">\n<p>G\u00fcll\u00fc cinayetinde Tu\u011fyan&#039;\u0131n eski ni\u015fanl\u0131s\u0131 konu\u015ftu! &#039;Annesinden para \u00e7al\u0131yordu&#039; posta.com.tr<\/p>\n<p><strong>Kaynak:<\/strong> Canl\u0131 Ak\u0131\u015f \u2014 Magazin \u2014 Ayr\u0131nt\u0131lar ve tam i\u00e7erik i\u00e7in <a href=\"https:\/\/news.google.com\/rss\/articles\/CBMitgFBVV95cUxNRW1FMXRPYVlkVEJWMDRSaUlCSDFMYTNaa1R5MGM2UENNVlVWdldSTmthQU5aZVRNZE5sUTJPVm1HWEVvWnlNMHlCaDNhY0YtZ3RfVjN1VTU0OHhCZ01IMzQ4cnl3MU56OGtGYkJOMm1iRWF0VjNVNWM5Uk41X0Z4dEFMS015ZlB6VDUtc3QyM3lDcUZHU2p1aWpyOGNYcmZrbmg1emlyMjNzN1hQUlZ6ZDZmR2JyQQ?oc=5\" target=\"_blank\" rel=\"nofollow noopener noreferrer\">\u00f6zg\u00fcn haberi a\u00e7\u0131n<\/a>.<\/p>\n<p><small>Bu kay\u0131t RSS haber havuzuna k\u0131sa kaynak \u00f6zeti olarak al\u0131nm\u0131\u015ft\u0131r; \u00f6zg\u00fcn metnin tamam\u0131 kopyalanmam\u0131\u015ft\u0131r.<\/small><\/p>\n<\/div>\n","protected":false},"excerpt":{"rendered":"<p>G\u00fcll\u00fc cinayetinde Tu\u011fyan&#8217;\u0131n eski ni\u015fanl\u0131s\u0131 konu\u015ftu! &#8216;Annesinden para \u00e7al\u0131yordu&#8217; posta.com.tr<\/p>\n","protected":false},"author":1,"featured_media":0,"comment_status":"closed","ping_status":"closed","sticky":false,"template":"","format":"standard","meta":{"_yb_topic_hash":"8fba685730b58c8fd8c5f78461efab8c1eedfbae1460d57e13b96817261e9c76","_yb_image_repair_status":"","_yb_image_repair_last":"","_yb_image_repair_attempts":0,"_yb_source_trust_score":93,"footnotes":""},"categories":[15,99,13],"tags":[108,142],"yb_news_series":[],"yb_language":[],"class_list":["post-7923","post","type-post","status-publish","format-standard","has-post-thumbnail","hentry","category-magazin","category-ozel-multimedya","category-roportaj","tag-canli-akis-magazin","tag-roportaj"],"blocksy_meta":[],"_links":{"self":[{"href":"https:\/\/yurtbakisi.com\/index.php?rest_route=\/wp\/v2\/posts\/7923","targetHints":{"allow":["GET"]}}],"collection":[{"href":"https:\/\/yurtbakisi.com\/index.php?rest_route=\/wp\/v2\/posts"}],"about":[{"href":"https:\/\/yurtbakisi.com\/index.php?rest_route=\/wp\/v2\/types\/post"}],"author":[{"embeddable":true,"href":"https:\/\/yurtbakisi.com\/index.php?rest_route=\/wp\/v2\/users\/1"}],"replies":[{"embeddable":true,"href":"https:\/\/yurtbakisi.com\/index.php?rest_route=%2Fwp%2Fv2%2Fcomments&post=7923"}],"version-history":[{"count":0,"href":"https:\/\/yurtbakisi.com\/index.php?rest_route=\/wp\/v2\/posts\/7923\/revisions"}],"wp:attachment":[{"href":"https:\/\/yurtbakisi.com\/index.php?rest_route=%2Fwp%2Fv2%2Fmedia&parent=7923"}],"wp:term":[{"taxonomy":"category","embeddable":true,"href":"https:\/\/yurtbakisi.com\/index.php?rest_route=%2Fwp%2Fv2%2Fcategories&post=7923"},{"taxonomy":"post_tag","embeddable":true,"href":"https:\/\/yurtbakisi.com\/index.php?rest_route=%2Fwp%2Fv2%2Ftags&post=7923"},{"taxonomy":"yb_news_series","embeddable":true,"href":"https:\/\/yurtbakisi.com\/index.php?rest_route=%2Fwp%2Fv2%2Fyb_news_series&post=7923"},{"taxonomy":"yb_language","embeddable":true,"href":"https:\/\/yurtbakisi.com\/index.php?rest_route=%2Fwp%2Fv2%2Fyb_language&post=7923"}],"curies":[{"name":"wp","href":"https:\/\/api.w.org\/{rel}","templated":true}]}}