{"id":7924,"date":"2026-09-01T11:58:44","date_gmt":"2026-09-01T08:58:44","guid":{"rendered":"https:\/\/yurtbakisi.com\/?p=7924"},"modified":"2026-09-01T11:58:51","modified_gmt":"2026-09-01T08:58:51","slug":"cumhurbaskani-erdogan-azerbaycan-cumhurbaskani-aliyev-ile-gorustu","status":"publish","type":"post","link":"https:\/\/yurtbakisi.com\/?p=7924","title":{"rendered":"Cumhurba\u015fkan\u0131 Erdo\u011fan Azerbaycan Cumhurba\u015fkan\u0131 Aliyev ile g\u00f6r\u00fc\u015ft\u00fc"},"content":{"rendered":"<p>\u015eanghay \u0130\u015fbirli\u011fi \u00d6rg\u00fct\u00fcn\u00fcn (\u015e\u0130\u00d6) Devlet Ba\u015fkanlar\u0131 Zirvesi&#039;ne kat\u0131lmak \u00fczere K\u0131rg\u0131zistan&#039;\u0131n ba\u015fkenti Bi\u015fkek&#039;te bulunan Erdo\u011fan, zirve marj\u0131ndaki temaslar\u0131na ba\u015flad\u0131. Cumhurba\u015fkan\u0131 Erdo\u011fan, Azerbaycan Cumhurba\u015fkan\u0131 Aliyev ile g\u00f6r\u00fc\u015ft\u00fc.<\/p>\n<p><strong>Kaynak:<\/strong> TRT Haber \u2014 <a href=\"https:\/\/www.trthaber.com\/haber\/gundem\/cumhurbaskani-erdogan-azerbaycan-cumhurbaskani-aliyev-ile-gorustu-955512.html\" target=\"_blank\" rel=\"nofollow noopener\">Haberin devam\u0131n\u0131 \u00f6zg\u00fcn kayna\u011f\u0131nda oku<\/a><\/p>\n","protected":false},"excerpt":{"rendered":"<p>\u015eanghay \u0130\u015fbirli\u011fi \u00d6rg\u00fct\u00fcn\u00fcn (\u015e\u0130\u00d6) Devlet Ba\u015fkanlar\u0131 Zirvesi&#8217;ne kat\u0131lmak \u00fczere K\u0131rg\u0131zistan&#8217;\u0131n ba\u015fkenti Bi\u015fkek&#8217;te bulunan Erdo\u011fan, zirve marj\u0131ndaki temaslar\u0131na ba\u015flad\u0131. Cumhurba\u015fkan\u0131 Erdo\u011fan, Azerbaycan Cumhurba\u015fkan\u0131 Aliyev ile g\u00f6r\u00fc\u015ft\u00fc.<\/p>\n","protected":false},"author":0,"featured_media":7925,"comment_status":"closed","ping_status":"closed","sticky":false,"template":"","format":"standard","meta":{"_yb_topic_hash":"eca65734d1ad854ab41e297b1454d0ec60e9704a67b68643be8c5046ddd0ff5a","_yb_image_repair_status":"","_yb_image_repair_last":"","_yb_image_repair_attempts":0,"_yb_source_trust_score":0,"footnotes":""},"categories":[153],"tags":[],"yb_news_series":[],"yb_language":[],"class_list":["post-7924","post","type-post","status-publish","format-standard","has-post-thumbnail","hentry","category-gundem"],"blocksy_meta":[],"_links":{"self":[{"href":"https:\/\/yurtbakisi.com\/index.php?rest_route=\/wp\/v2\/posts\/7924","targetHints":{"allow":["GET"]}}],"collection":[{"href":"https:\/\/yurtbakisi.com\/index.php?rest_route=\/wp\/v2\/posts"}],"about":[{"href":"https:\/\/yurtbakisi.com\/index.php?rest_route=\/wp\/v2\/types\/post"}],"replies":[{"embeddable":true,"href":"https:\/\/yurtbakisi.com\/index.php?rest_route=%2Fwp%2Fv2%2Fcomments&post=7924"}],"version-history":[{"count":1,"href":"https:\/\/yurtbakisi.com\/index.php?rest_route=\/wp\/v2\/posts\/7924\/revisions"}],"predecessor-version":[{"id":7926,"href":"https:\/\/yurtbakisi.com\/index.php?rest_route=\/wp\/v2\/posts\/7924\/revisions\/7926"}],"wp:featuredmedia":[{"embeddable":true,"href":"https:\/\/yurtbakisi.com\/index.php?rest_route=\/wp\/v2\/media\/7925"}],"wp:attachment":[{"href":"https:\/\/yurtbakisi.com\/index.php?rest_route=%2Fwp%2Fv2%2Fmedia&parent=7924"}],"wp:term":[{"taxonomy":"category","embeddable":true,"href":"https:\/\/yurtbakisi.com\/index.php?rest_route=%2Fwp%2Fv2%2Fcategories&post=7924"},{"taxonomy":"post_tag","embeddable":true,"href":"https:\/\/yurtbakisi.com\/index.php?rest_route=%2Fwp%2Fv2%2Ftags&post=7924"},{"taxonomy":"yb_news_series","embeddable":true,"href":"https:\/\/yurtbakisi.com\/index.php?rest_route=%2Fwp%2Fv2%2Fyb_news_series&post=7924"},{"taxonomy":"yb_language","embeddable":true,"href":"https:\/\/yurtbakisi.com\/index.php?rest_route=%2Fwp%2Fv2%2Fyb_language&post=7924"}],"curies":[{"name":"wp","href":"https:\/\/api.w.org\/{rel}","templated":true}]}}