{"id":7933,"date":"2026-09-01T12:01:23","date_gmt":"2026-09-01T09:01:23","guid":{"rendered":"https:\/\/yurtbakisi.com\/?p=7933"},"modified":"2026-09-01T12:01:29","modified_gmt":"2026-09-01T09:01:29","slug":"bursada-fabrikada-cikan-yangin-sonduruldu","status":"publish","type":"post","link":"https:\/\/yurtbakisi.com\/?p=7933","title":{"rendered":"Bursa&#039;da fabrikada \u00e7\u0131kan yang\u0131n s\u00f6nd\u00fcr\u00fcld\u00fc"},"content":{"rendered":"<p>Bursa&#039;n\u0131n \u0130neg\u00f6l il\u00e7esinde bir tekstil fabrikas\u0131n\u0131n \u00e7at\u0131s\u0131nda \u00e7\u0131kan yang\u0131n, itfaiye ekiplerinin m\u00fcdahalesiyle k\u0131sa s\u00fcrede s\u00f6nd\u00fcr\u00fcld\u00fc.<\/p>\n<p><strong>Kaynak:<\/strong> TRT Haber \u2014 <a href=\"https:\/\/www.trthaber.com\/haber\/turkiye\/bursada-fabrikada-cikan-yangin-sonduruldu-955504.html\" target=\"_blank\" rel=\"nofollow noopener\">Haberin devam\u0131n\u0131 \u00f6zg\u00fcn kayna\u011f\u0131nda oku<\/a><\/p>\n","protected":false},"excerpt":{"rendered":"<p>Bursa&#8217;n\u0131n \u0130neg\u00f6l il\u00e7esinde bir tekstil fabrikas\u0131n\u0131n \u00e7at\u0131s\u0131nda \u00e7\u0131kan yang\u0131n, itfaiye ekiplerinin m\u00fcdahalesiyle k\u0131sa s\u00fcrede s\u00f6nd\u00fcr\u00fcld\u00fc.<\/p>\n","protected":false},"author":0,"featured_media":7934,"comment_status":"closed","ping_status":"closed","sticky":false,"template":"","format":"standard","meta":{"_yb_topic_hash":"bf355f93edd3e486d8d6ec6a7606c5d322b575306694d6aae1eed1f140530884","_yb_image_repair_status":"","_yb_image_repair_last":"","_yb_image_repair_attempts":0,"_yb_source_trust_score":0,"footnotes":""},"categories":[154,20],"tags":[126],"yb_news_series":[],"yb_language":[],"class_list":["post-7933","post","type-post","status-publish","format-standard","has-post-thumbnail","hentry","category-turkiye","category-unlulerin-stili","tag-moda"],"blocksy_meta":[],"_links":{"self":[{"href":"https:\/\/yurtbakisi.com\/index.php?rest_route=\/wp\/v2\/posts\/7933","targetHints":{"allow":["GET"]}}],"collection":[{"href":"https:\/\/yurtbakisi.com\/index.php?rest_route=\/wp\/v2\/posts"}],"about":[{"href":"https:\/\/yurtbakisi.com\/index.php?rest_route=\/wp\/v2\/types\/post"}],"replies":[{"embeddable":true,"href":"https:\/\/yurtbakisi.com\/index.php?rest_route=%2Fwp%2Fv2%2Fcomments&post=7933"}],"version-history":[{"count":1,"href":"https:\/\/yurtbakisi.com\/index.php?rest_route=\/wp\/v2\/posts\/7933\/revisions"}],"predecessor-version":[{"id":7935,"href":"https:\/\/yurtbakisi.com\/index.php?rest_route=\/wp\/v2\/posts\/7933\/revisions\/7935"}],"wp:featuredmedia":[{"embeddable":true,"href":"https:\/\/yurtbakisi.com\/index.php?rest_route=\/wp\/v2\/media\/7934"}],"wp:attachment":[{"href":"https:\/\/yurtbakisi.com\/index.php?rest_route=%2Fwp%2Fv2%2Fmedia&parent=7933"}],"wp:term":[{"taxonomy":"category","embeddable":true,"href":"https:\/\/yurtbakisi.com\/index.php?rest_route=%2Fwp%2Fv2%2Fcategories&post=7933"},{"taxonomy":"post_tag","embeddable":true,"href":"https:\/\/yurtbakisi.com\/index.php?rest_route=%2Fwp%2Fv2%2Ftags&post=7933"},{"taxonomy":"yb_news_series","embeddable":true,"href":"https:\/\/yurtbakisi.com\/index.php?rest_route=%2Fwp%2Fv2%2Fyb_news_series&post=7933"},{"taxonomy":"yb_language","embeddable":true,"href":"https:\/\/yurtbakisi.com\/index.php?rest_route=%2Fwp%2Fv2%2Fyb_language&post=7933"}],"curies":[{"name":"wp","href":"https:\/\/api.w.org\/{rel}","templated":true}]}}