{"id":7943,"date":"2026-09-01T12:08:14","date_gmt":"2026-09-01T09:08:14","guid":{"rendered":"https:\/\/yurtbakisi.com\/?p=7943"},"modified":"2026-09-01T12:08:14","modified_gmt":"2026-09-01T09:08:14","slug":"babalarini-kaybedeli-tam-5-yil-oldu-ferhan-sensoyun-cocuklarindan-nostaljik-paylasim-hem-dun-gibi-hem-bir-omur-sabah","status":"publish","type":"post","link":"https:\/\/yurtbakisi.com\/?p=7943","title":{"rendered":"Babalar\u0131n\u0131 kaybedeli tam 5 y\u0131l oldu! Ferhan \u015eensoy\u2019un \u00e7ocuklar\u0131ndan nostaljik payla\u015f\u0131m: Hem d\u00fcn gibi hem bir \u00f6m\u00fcr\u2026 &#8211; Sabah"},"content":{"rendered":"<div class=\"yb-imported-news-note\">\n<p>Babalar\u0131n\u0131 kaybedeli tam 5 y\u0131l oldu! Ferhan \u015eensoy\u2019un \u00e7ocuklar\u0131ndan nostaljik payla\u015f\u0131m: Hem d\u00fcn gibi hem bir \u00f6m\u00fcr\u2026 Sabah<\/p>\n<p><strong>Kaynak:<\/strong> Canl\u0131 Ak\u0131\u015f \u2014 Magazin \u2014 Ayr\u0131nt\u0131lar ve tam i\u00e7erik i\u00e7in <a href=\"https:\/\/news.google.com\/rss\/articles\/CBMi7AFBVV95cUxNVTFDV2xsTGVCR3I2Sk9CQjZvUTFJbHZyajUxSUFBRVhnb29xd053SURQYjgyN0ZxaV9OUF9pYk90RDFyYUR3S1VIaC1yVy1TZXBmLVlxMGFRNS00cjRlTy1pNUJUVkNfU1RhcU9tcjgybmhzNFc5M0YxWkFXWWFBVllOZTVJSEoxSmh5RTZpZDdrTEZqR0ZwUXhGMWtWbDZ2c1JQT3FleEx3U0Q0d0F2WjdHbWJ4NVN1N2FGU2RuS1doTDRlc3BZdHJuLVp3YnowcGRoVmJuc1dLMHF0bVc4YzVrdmtQd0lJQVBERg?oc=5\" target=\"_blank\" rel=\"nofollow noopener noreferrer\">\u00f6zg\u00fcn haberi a\u00e7\u0131n<\/a>.<\/p>\n<p><small>Bu kay\u0131t RSS haber havuzuna k\u0131sa kaynak \u00f6zeti olarak al\u0131nm\u0131\u015ft\u0131r; \u00f6zg\u00fcn metnin tamam\u0131 kopyalanmam\u0131\u015ft\u0131r.<\/small><\/p>\n<\/div>\n","protected":false},"excerpt":{"rendered":"<p>Babalar\u0131n\u0131 kaybedeli tam 5 y\u0131l oldu! Ferhan \u015eensoy\u2019un \u00e7ocuklar\u0131ndan nostaljik payla\u015f\u0131m: Hem d\u00fcn gibi hem bir \u00f6m\u00fcr\u2026 Sabah<\/p>\n","protected":false},"author":1,"featured_media":0,"comment_status":"closed","ping_status":"closed","sticky":false,"template":"","format":"standard","meta":{"_yb_topic_hash":"b8f51c120c5d0ebe745dc09d7d230f485e6fe0614233e0c5e0c5133dac96b6d3","_yb_image_repair_status":"","_yb_image_repair_last":"","_yb_image_repair_attempts":0,"_yb_source_trust_score":93,"footnotes":""},"categories":[15,103,99],"tags":[108],"yb_news_series":[],"yb_language":[],"class_list":["post-7943","post","type-post","status-publish","format-standard","has-post-thumbnail","hentry","category-magazin","category-nostalji","category-ozel-multimedya","tag-canli-akis-magazin"],"blocksy_meta":[],"_links":{"self":[{"href":"https:\/\/yurtbakisi.com\/index.php?rest_route=\/wp\/v2\/posts\/7943","targetHints":{"allow":["GET"]}}],"collection":[{"href":"https:\/\/yurtbakisi.com\/index.php?rest_route=\/wp\/v2\/posts"}],"about":[{"href":"https:\/\/yurtbakisi.com\/index.php?rest_route=\/wp\/v2\/types\/post"}],"author":[{"embeddable":true,"href":"https:\/\/yurtbakisi.com\/index.php?rest_route=\/wp\/v2\/users\/1"}],"replies":[{"embeddable":true,"href":"https:\/\/yurtbakisi.com\/index.php?rest_route=%2Fwp%2Fv2%2Fcomments&post=7943"}],"version-history":[{"count":0,"href":"https:\/\/yurtbakisi.com\/index.php?rest_route=\/wp\/v2\/posts\/7943\/revisions"}],"wp:attachment":[{"href":"https:\/\/yurtbakisi.com\/index.php?rest_route=%2Fwp%2Fv2%2Fmedia&parent=7943"}],"wp:term":[{"taxonomy":"category","embeddable":true,"href":"https:\/\/yurtbakisi.com\/index.php?rest_route=%2Fwp%2Fv2%2Fcategories&post=7943"},{"taxonomy":"post_tag","embeddable":true,"href":"https:\/\/yurtbakisi.com\/index.php?rest_route=%2Fwp%2Fv2%2Ftags&post=7943"},{"taxonomy":"yb_news_series","embeddable":true,"href":"https:\/\/yurtbakisi.com\/index.php?rest_route=%2Fwp%2Fv2%2Fyb_news_series&post=7943"},{"taxonomy":"yb_language","embeddable":true,"href":"https:\/\/yurtbakisi.com\/index.php?rest_route=%2Fwp%2Fv2%2Fyb_language&post=7943"}],"curies":[{"name":"wp","href":"https:\/\/api.w.org\/{rel}","templated":true}]}}