{"id":7947,"date":"2026-08-31T11:23:41","date_gmt":"2026-08-31T08:23:41","guid":{"rendered":"https:\/\/yurtbakisi.com\/?p=7947"},"modified":"2026-08-31T11:23:41","modified_gmt":"2026-08-31T08:23:41","slug":"turk-muzik-tarihinin-en-aci-vedasi-sanatci-aylin-urgalin-trajediyle-biten-yasamina-bakin-meger-5-yasindaki-ikiz-evlatlari-sabah","status":"publish","type":"post","link":"https:\/\/yurtbakisi.com\/?p=7947","title":{"rendered":"T\u00fcrk m\u00fczik tarihinin en ac\u0131 vedas\u0131: Sanat\u00e7\u0131 Aylin Urgal\u2019\u0131n trajediyle biten ya\u015fam\u0131na bak\u0131n! Me\u011fer 5 ya\u015f\u0131ndaki ikiz evlatlar\u0131\u2026 &#8211; Sabah"},"content":{"rendered":"<div class=\"yb-imported-news-note\">\n<p>T\u00fcrk m\u00fczik tarihinin en ac\u0131 vedas\u0131: Sanat\u00e7\u0131 Aylin Urgal\u2019\u0131n trajediyle biten ya\u015fam\u0131na bak\u0131n! Me\u011fer 5 ya\u015f\u0131ndaki ikiz evlatlar\u0131\u2026 Sabah<\/p>\n<p><strong>Kaynak:<\/strong> Canl\u0131 Ak\u0131\u015f \u2014 \u00dcnl\u00fcler \u2014 Ayr\u0131nt\u0131lar ve tam i\u00e7erik i\u00e7in <a href=\"https:\/\/news.google.com\/rss\/articles\/CBMi-wFBVV95cUxNNThmX0pocjRxbzRBeW9Ia2RRMXlSU3dTcHQxM1Z4RzhrWXZ0blVWWGpGZHYzTmoxRTNEcC1ONUEyeUh2WWo1eGQybDV1cWhUMTdLUjBEdG4yS1BfOHZLMjhKOE8yMXJ5SFZZLVYzSWpHeWlRSUZCaVNHUWVaM0h6V3VkeDRheHRpcFlhcEVpYUtsVW9QenltNnhMTmFSQzZlajN5QXJqLTRFaHFRZWZtU2JCZE05QUZHWVA4Z2lYSklROWxYckM5S3pyc0NtYjdkblFRZUREYTlIbktqdlNOeHFZTUVTN1E2Y2Z3LXUyWGltVFFIWmU4REktbw?oc=5\" target=\"_blank\" rel=\"nofollow noopener noreferrer\">\u00f6zg\u00fcn haberi a\u00e7\u0131n<\/a>.<\/p>\n<p><small>Bu kay\u0131t RSS haber havuzuna k\u0131sa kaynak \u00f6zeti olarak al\u0131nm\u0131\u015ft\u0131r; \u00f6zg\u00fcn metnin tamam\u0131 kopyalanmam\u0131\u015ft\u0131r.<\/small><\/p>\n<\/div>\n","protected":false},"excerpt":{"rendered":"<p>T\u00fcrk m\u00fczik tarihinin en ac\u0131 vedas\u0131: Sanat\u00e7\u0131 Aylin Urgal\u2019\u0131n trajediyle biten ya\u015fam\u0131na bak\u0131n! Me\u011fer 5 ya\u015f\u0131ndaki ikiz evlatlar\u0131\u2026 Sabah<\/p>\n","protected":false},"author":1,"featured_media":0,"comment_status":"closed","ping_status":"closed","sticky":false,"template":"","format":"standard","meta":{"_yb_topic_hash":"b55ae1abeef8ea0e0e42c121884ddbffbf24acb1819f0bc7e04fafeaee75f2c8","_yb_image_repair_status":"","_yb_image_repair_last":"","_yb_image_repair_attempts":0,"_yb_source_trust_score":88,"footnotes":""},"categories":[15,5,2,17],"tags":[113,111,109,110,128],"yb_news_series":[],"yb_language":[],"class_list":["post-7947","post","type-post","status-publish","format-standard","has-post-thumbnail","hentry","category-magazin","category-muzik","category-unluler","category-yerli-unluler","tag-canli-akis-unluler","tag-kultur-sanat","tag-muzik","tag-unluler","tag-yasam"],"blocksy_meta":[],"_links":{"self":[{"href":"https:\/\/yurtbakisi.com\/index.php?rest_route=\/wp\/v2\/posts\/7947","targetHints":{"allow":["GET"]}}],"collection":[{"href":"https:\/\/yurtbakisi.com\/index.php?rest_route=\/wp\/v2\/posts"}],"about":[{"href":"https:\/\/yurtbakisi.com\/index.php?rest_route=\/wp\/v2\/types\/post"}],"author":[{"embeddable":true,"href":"https:\/\/yurtbakisi.com\/index.php?rest_route=\/wp\/v2\/users\/1"}],"replies":[{"embeddable":true,"href":"https:\/\/yurtbakisi.com\/index.php?rest_route=%2Fwp%2Fv2%2Fcomments&post=7947"}],"version-history":[{"count":0,"href":"https:\/\/yurtbakisi.com\/index.php?rest_route=\/wp\/v2\/posts\/7947\/revisions"}],"wp:attachment":[{"href":"https:\/\/yurtbakisi.com\/index.php?rest_route=%2Fwp%2Fv2%2Fmedia&parent=7947"}],"wp:term":[{"taxonomy":"category","embeddable":true,"href":"https:\/\/yurtbakisi.com\/index.php?rest_route=%2Fwp%2Fv2%2Fcategories&post=7947"},{"taxonomy":"post_tag","embeddable":true,"href":"https:\/\/yurtbakisi.com\/index.php?rest_route=%2Fwp%2Fv2%2Ftags&post=7947"},{"taxonomy":"yb_news_series","embeddable":true,"href":"https:\/\/yurtbakisi.com\/index.php?rest_route=%2Fwp%2Fv2%2Fyb_news_series&post=7947"},{"taxonomy":"yb_language","embeddable":true,"href":"https:\/\/yurtbakisi.com\/index.php?rest_route=%2Fwp%2Fv2%2Fyb_language&post=7947"}],"curies":[{"name":"wp","href":"https:\/\/api.w.org\/{rel}","templated":true}]}}