{"id":7948,"date":"2026-09-01T12:42:00","date_gmt":"2026-09-01T09:42:00","guid":{"rendered":"https:\/\/yurtbakisi.com\/?p=7948"},"modified":"2026-09-01T12:42:00","modified_gmt":"2026-09-01T09:42:00","slug":"irem-dericinin-daha-17-tutkusu-konserin-onune-gecti-hurriyet","status":"publish","type":"post","link":"https:\/\/yurtbakisi.com\/?p=7948","title":{"rendered":"\u0130rem Derici\u2019nin Daha 17 tutkusu konserin \u00f6n\u00fcne ge\u00e7ti &#8211; H\u00fcrriyet"},"content":{"rendered":"<div class=\"yb-imported-news-note\">\n<p>\u0130rem Derici\u2019nin Daha 17 tutkusu konserin \u00f6n\u00fcne ge\u00e7ti H\u00fcrriyet<\/p>\n<p><strong>Kaynak:<\/strong> Canl\u0131 Ak\u0131\u015f \u2014 Magazin \u2014 Ayr\u0131nt\u0131lar ve tam i\u00e7erik i\u00e7in <a href=\"https:\/\/news.google.com\/rss\/articles\/CBMimgFBVV95cUxNeTMwUGxFLXFuWUR4Q0NCSWd3UFhKQlhxLUxOeFlsVGJIRUZ4TDhWeHdtS01qSlZoa01LWWsyWkxPY1VyUkJEWjRtZEl4WmpsYXFGMFNRWkc1dGctYXp2MjBYbXppT3B4T284Qy1hRmVMQmk1d2hKOHRfQmhGdUhTTkUydW5raV9uYzRkdk5IOExVMFp5c1lFeG1n?oc=5\" target=\"_blank\" rel=\"nofollow noopener noreferrer\">\u00f6zg\u00fcn haberi a\u00e7\u0131n<\/a>.<\/p>\n<p><small>Bu kay\u0131t RSS haber havuzuna k\u0131sa kaynak \u00f6zeti olarak al\u0131nm\u0131\u015ft\u0131r; \u00f6zg\u00fcn metnin tamam\u0131 kopyalanmam\u0131\u015ft\u0131r.<\/small><\/p>\n<\/div>\n","protected":false},"excerpt":{"rendered":"<p>\u0130rem Derici\u2019nin Daha 17 tutkusu konserin \u00f6n\u00fcne ge\u00e7ti H\u00fcrriyet<\/p>\n","protected":false},"author":1,"featured_media":0,"comment_status":"closed","ping_status":"closed","sticky":false,"template":"","format":"standard","meta":{"_yb_topic_hash":"be549f26e5aacfb885d698bed3d8ce2d8132b0852ae496a06c8893bdfc24ad49","_yb_image_repair_status":"","_yb_image_repair_last":"","_yb_image_repair_attempts":0,"_yb_source_trust_score":93,"footnotes":""},"categories":[39,15,5],"tags":[108,109],"yb_news_series":[],"yb_language":[],"class_list":["post-7948","post","type-post","status-publish","format-standard","has-post-thumbnail","hentry","category-konserler","category-magazin","category-muzik","tag-canli-akis-magazin","tag-muzik"],"blocksy_meta":[],"_links":{"self":[{"href":"https:\/\/yurtbakisi.com\/index.php?rest_route=\/wp\/v2\/posts\/7948","targetHints":{"allow":["GET"]}}],"collection":[{"href":"https:\/\/yurtbakisi.com\/index.php?rest_route=\/wp\/v2\/posts"}],"about":[{"href":"https:\/\/yurtbakisi.com\/index.php?rest_route=\/wp\/v2\/types\/post"}],"author":[{"embeddable":true,"href":"https:\/\/yurtbakisi.com\/index.php?rest_route=\/wp\/v2\/users\/1"}],"replies":[{"embeddable":true,"href":"https:\/\/yurtbakisi.com\/index.php?rest_route=%2Fwp%2Fv2%2Fcomments&post=7948"}],"version-history":[{"count":0,"href":"https:\/\/yurtbakisi.com\/index.php?rest_route=\/wp\/v2\/posts\/7948\/revisions"}],"wp:attachment":[{"href":"https:\/\/yurtbakisi.com\/index.php?rest_route=%2Fwp%2Fv2%2Fmedia&parent=7948"}],"wp:term":[{"taxonomy":"category","embeddable":true,"href":"https:\/\/yurtbakisi.com\/index.php?rest_route=%2Fwp%2Fv2%2Fcategories&post=7948"},{"taxonomy":"post_tag","embeddable":true,"href":"https:\/\/yurtbakisi.com\/index.php?rest_route=%2Fwp%2Fv2%2Ftags&post=7948"},{"taxonomy":"yb_news_series","embeddable":true,"href":"https:\/\/yurtbakisi.com\/index.php?rest_route=%2Fwp%2Fv2%2Fyb_news_series&post=7948"},{"taxonomy":"yb_language","embeddable":true,"href":"https:\/\/yurtbakisi.com\/index.php?rest_route=%2Fwp%2Fv2%2Fyb_language&post=7948"}],"curies":[{"name":"wp","href":"https:\/\/api.w.org\/{rel}","templated":true}]}}