{"id":7952,"date":"2026-09-01T12:56:55","date_gmt":"2026-09-01T09:56:55","guid":{"rendered":"https:\/\/yurtbakisi.com\/?p=7952"},"modified":"2026-09-01T12:57:02","modified_gmt":"2026-09-01T09:57:02","slug":"balik-avi-sezonu-acildi-istanbulda-balikcilar-torenle-ugurlandi","status":"publish","type":"post","link":"https:\/\/yurtbakisi.com\/?p=7952","title":{"rendered":"Bal\u0131k av\u0131 sezonu a\u00e7\u0131ld\u0131: \u0130stanbul&#039;da bal\u0131k\u00e7\u0131lar t\u00f6renle u\u011furland\u0131"},"content":{"rendered":"<p>Denizlerde 1 Eyl\u00fcl&#039;de sona eren yasa\u011f\u0131n ard\u0131ndan ba\u015flayan bal\u0131k\u00e7\u0131l\u0131k av\u0131 sezonu i\u00e7in \u0130stanbul&#039;da t\u00f6ren d\u00fczenlendi.<\/p>\n<p><strong>Kaynak:<\/strong> TRT Haber \u2014 <a href=\"https:\/\/www.trthaber.com\/haber\/turkiye\/balik-avi-sezonu-acildi-istanbulda-balikcilar-torenle-ugurlandi-955498.html\" target=\"_blank\" rel=\"nofollow noopener\">Haberin devam\u0131n\u0131 \u00f6zg\u00fcn kayna\u011f\u0131nda oku<\/a><\/p>\n","protected":false},"excerpt":{"rendered":"<p>Denizlerde 1 Eyl\u00fcl&#8217;de sona eren yasa\u011f\u0131n ard\u0131ndan ba\u015flayan bal\u0131k\u00e7\u0131l\u0131k av\u0131 sezonu i\u00e7in \u0130stanbul&#8217;da t\u00f6ren d\u00fczenlendi.<\/p>\n","protected":false},"author":0,"featured_media":7953,"comment_status":"closed","ping_status":"closed","sticky":false,"template":"","format":"standard","meta":{"_yb_topic_hash":"956837234a8e2fb9ec6198c9945f82bb0509a92847748b3f07bef3faf8cd18c4","_yb_image_repair_status":"","_yb_image_repair_last":"","_yb_image_repair_attempts":0,"_yb_source_trust_score":0,"footnotes":""},"categories":[154],"tags":[],"yb_news_series":[],"yb_language":[],"class_list":["post-7952","post","type-post","status-publish","format-standard","has-post-thumbnail","hentry","category-turkiye"],"blocksy_meta":[],"_links":{"self":[{"href":"https:\/\/yurtbakisi.com\/index.php?rest_route=\/wp\/v2\/posts\/7952","targetHints":{"allow":["GET"]}}],"collection":[{"href":"https:\/\/yurtbakisi.com\/index.php?rest_route=\/wp\/v2\/posts"}],"about":[{"href":"https:\/\/yurtbakisi.com\/index.php?rest_route=\/wp\/v2\/types\/post"}],"replies":[{"embeddable":true,"href":"https:\/\/yurtbakisi.com\/index.php?rest_route=%2Fwp%2Fv2%2Fcomments&post=7952"}],"version-history":[{"count":1,"href":"https:\/\/yurtbakisi.com\/index.php?rest_route=\/wp\/v2\/posts\/7952\/revisions"}],"predecessor-version":[{"id":7954,"href":"https:\/\/yurtbakisi.com\/index.php?rest_route=\/wp\/v2\/posts\/7952\/revisions\/7954"}],"wp:featuredmedia":[{"embeddable":true,"href":"https:\/\/yurtbakisi.com\/index.php?rest_route=\/wp\/v2\/media\/7953"}],"wp:attachment":[{"href":"https:\/\/yurtbakisi.com\/index.php?rest_route=%2Fwp%2Fv2%2Fmedia&parent=7952"}],"wp:term":[{"taxonomy":"category","embeddable":true,"href":"https:\/\/yurtbakisi.com\/index.php?rest_route=%2Fwp%2Fv2%2Fcategories&post=7952"},{"taxonomy":"post_tag","embeddable":true,"href":"https:\/\/yurtbakisi.com\/index.php?rest_route=%2Fwp%2Fv2%2Ftags&post=7952"},{"taxonomy":"yb_news_series","embeddable":true,"href":"https:\/\/yurtbakisi.com\/index.php?rest_route=%2Fwp%2Fv2%2Fyb_news_series&post=7952"},{"taxonomy":"yb_language","embeddable":true,"href":"https:\/\/yurtbakisi.com\/index.php?rest_route=%2Fwp%2Fv2%2Fyb_language&post=7952"}],"curies":[{"name":"wp","href":"https:\/\/api.w.org\/{rel}","templated":true}]}}