{"id":7955,"date":"2026-09-01T12:57:10","date_gmt":"2026-09-01T09:57:10","guid":{"rendered":"https:\/\/yurtbakisi.com\/?p=7955"},"modified":"2026-09-01T12:57:15","modified_gmt":"2026-09-01T09:57:15","slug":"kolombiya-lideri-de-la-espriella-depremden-450-bini-askin-kisi-etkilendi","status":"publish","type":"post","link":"https:\/\/yurtbakisi.com\/?p=7955","title":{"rendered":"Kolombiya lideri De la Espriella: Depremden 450 bini a\u015fk\u0131n ki\u015fi etkilendi"},"content":{"rendered":"<p>Kolombiya Cumhurba\u015fkan\u0131 Abelardo de la Espriella, \u00fclkede 10 A\u011fustos&#039;ta meydana gelen 7,4 b\u00fcy\u00fckl\u00fc\u011f\u00fcndeki depremden 450 bini a\u015fk\u0131n ki\u015finin do\u011frudan etkilendi\u011fini s\u00f6yledi.<\/p>\n<p><strong>Kaynak:<\/strong> TRT Haber \u2014 <a href=\"https:\/\/www.trthaber.com\/haber\/dunya\/kolombiya-lideri-de-la-espriella-depremden-450-bini-askin-kisi-etkilendi-955509.html\" target=\"_blank\" rel=\"nofollow noopener\">Haberin devam\u0131n\u0131 \u00f6zg\u00fcn kayna\u011f\u0131nda oku<\/a><\/p>\n","protected":false},"excerpt":{"rendered":"<p>Kolombiya Cumhurba\u015fkan\u0131 Abelardo de la Espriella, \u00fclkede 10 A\u011fustos&#8217;ta meydana gelen 7,4 b\u00fcy\u00fckl\u00fc\u011f\u00fcndeki depremden 450 bini a\u015fk\u0131n ki\u015finin do\u011frudan etkilendi\u011fini s\u00f6yledi.<\/p>\n","protected":false},"author":0,"featured_media":7956,"comment_status":"closed","ping_status":"closed","sticky":false,"template":"","format":"standard","meta":{"_yb_topic_hash":"45e10ca25f6085f2308a4cc637212fc4a993f5ab6ecf26a170661b9e2c7d92db","_yb_image_repair_status":"","_yb_image_repair_last":"","_yb_image_repair_attempts":0,"_yb_source_trust_score":0,"footnotes":""},"categories":[155],"tags":[],"yb_news_series":[],"yb_language":[],"class_list":["post-7955","post","type-post","status-publish","format-standard","has-post-thumbnail","hentry","category-dunya"],"blocksy_meta":[],"_links":{"self":[{"href":"https:\/\/yurtbakisi.com\/index.php?rest_route=\/wp\/v2\/posts\/7955","targetHints":{"allow":["GET"]}}],"collection":[{"href":"https:\/\/yurtbakisi.com\/index.php?rest_route=\/wp\/v2\/posts"}],"about":[{"href":"https:\/\/yurtbakisi.com\/index.php?rest_route=\/wp\/v2\/types\/post"}],"replies":[{"embeddable":true,"href":"https:\/\/yurtbakisi.com\/index.php?rest_route=%2Fwp%2Fv2%2Fcomments&post=7955"}],"version-history":[{"count":1,"href":"https:\/\/yurtbakisi.com\/index.php?rest_route=\/wp\/v2\/posts\/7955\/revisions"}],"predecessor-version":[{"id":7957,"href":"https:\/\/yurtbakisi.com\/index.php?rest_route=\/wp\/v2\/posts\/7955\/revisions\/7957"}],"wp:featuredmedia":[{"embeddable":true,"href":"https:\/\/yurtbakisi.com\/index.php?rest_route=\/wp\/v2\/media\/7956"}],"wp:attachment":[{"href":"https:\/\/yurtbakisi.com\/index.php?rest_route=%2Fwp%2Fv2%2Fmedia&parent=7955"}],"wp:term":[{"taxonomy":"category","embeddable":true,"href":"https:\/\/yurtbakisi.com\/index.php?rest_route=%2Fwp%2Fv2%2Fcategories&post=7955"},{"taxonomy":"post_tag","embeddable":true,"href":"https:\/\/yurtbakisi.com\/index.php?rest_route=%2Fwp%2Fv2%2Ftags&post=7955"},{"taxonomy":"yb_news_series","embeddable":true,"href":"https:\/\/yurtbakisi.com\/index.php?rest_route=%2Fwp%2Fv2%2Fyb_news_series&post=7955"},{"taxonomy":"yb_language","embeddable":true,"href":"https:\/\/yurtbakisi.com\/index.php?rest_route=%2Fwp%2Fv2%2Fyb_language&post=7955"}],"curies":[{"name":"wp","href":"https:\/\/api.w.org\/{rel}","templated":true}]}}