{"id":7958,"date":"2026-09-01T13:00:46","date_gmt":"2026-09-01T10:00:46","guid":{"rendered":"https:\/\/yurtbakisi.com\/?p=7958"},"modified":"2026-09-01T13:00:56","modified_gmt":"2026-09-01T10:00:56","slug":"basaksehirde-kamyonet-kirmizi-isikta-bekleyen-4-araca-carpti-1-yarali","status":"publish","type":"post","link":"https:\/\/yurtbakisi.com\/?p=7958","title":{"rendered":"Ba\u015fak\u015fehir&#039;de kamyonet, k\u0131rm\u0131z\u0131 \u0131\u015f\u0131kta bekleyen 4 araca \u00e7arpt\u0131: 1 yaral\u0131"},"content":{"rendered":"<p>\u0130stanbul Ba\u015fak\u015fehir&#039;de yoku\u015ftan inen kamyonet, trafik \u0131\u015f\u0131klar\u0131nda bekleyen 4 araca \u00e7arpt\u0131. Kazada t\u0131r ile kamyonet aras\u0131nda s\u0131k\u0131\u015fan otomobildeki 1 ki\u015fi yaraland\u0131. Kaza an\u0131 g\u00fcvenlik kameras\u0131na yans\u0131d\u0131.<\/p>\n<p><strong>Kaynak:<\/strong> TRT Haber \u2014 <a href=\"https:\/\/www.trthaber.com\/haber\/turkiye\/basaksehirde-kamyonet-kirmizi-isikta-bekleyen-4-araca-carpti-1-yarali-955496.html\" target=\"_blank\" rel=\"nofollow noopener\">Haberin devam\u0131n\u0131 \u00f6zg\u00fcn kayna\u011f\u0131nda oku<\/a><\/p>\n","protected":false},"excerpt":{"rendered":"<p>\u0130stanbul Ba\u015fak\u015fehir&#8217;de yoku\u015ftan inen kamyonet, trafik \u0131\u015f\u0131klar\u0131nda bekleyen 4 araca \u00e7arpt\u0131. Kazada t\u0131r ile kamyonet aras\u0131nda s\u0131k\u0131\u015fan otomobildeki 1 ki\u015fi yaraland\u0131. Kaza an\u0131 g\u00fcvenlik kameras\u0131na yans\u0131d\u0131.<\/p>\n","protected":false},"author":0,"featured_media":7959,"comment_status":"closed","ping_status":"closed","sticky":false,"template":"","format":"standard","meta":{"_yb_topic_hash":"7c36f6e14ccde1d7799d9380f6081ed73dddffdff7448b6fea7792edb57e7470","_yb_image_repair_status":"","_yb_image_repair_last":"","_yb_image_repair_attempts":0,"_yb_source_trust_score":0,"footnotes":""},"categories":[89,154],"tags":[128],"yb_news_series":[],"yb_language":[],"class_list":["post-7958","post","type-post","status-publish","format-standard","has-post-thumbnail","hentry","category-otomobil","category-turkiye","tag-yasam"],"blocksy_meta":[],"_links":{"self":[{"href":"https:\/\/yurtbakisi.com\/index.php?rest_route=\/wp\/v2\/posts\/7958","targetHints":{"allow":["GET"]}}],"collection":[{"href":"https:\/\/yurtbakisi.com\/index.php?rest_route=\/wp\/v2\/posts"}],"about":[{"href":"https:\/\/yurtbakisi.com\/index.php?rest_route=\/wp\/v2\/types\/post"}],"replies":[{"embeddable":true,"href":"https:\/\/yurtbakisi.com\/index.php?rest_route=%2Fwp%2Fv2%2Fcomments&post=7958"}],"version-history":[{"count":1,"href":"https:\/\/yurtbakisi.com\/index.php?rest_route=\/wp\/v2\/posts\/7958\/revisions"}],"predecessor-version":[{"id":7960,"href":"https:\/\/yurtbakisi.com\/index.php?rest_route=\/wp\/v2\/posts\/7958\/revisions\/7960"}],"wp:featuredmedia":[{"embeddable":true,"href":"https:\/\/yurtbakisi.com\/index.php?rest_route=\/wp\/v2\/media\/7959"}],"wp:attachment":[{"href":"https:\/\/yurtbakisi.com\/index.php?rest_route=%2Fwp%2Fv2%2Fmedia&parent=7958"}],"wp:term":[{"taxonomy":"category","embeddable":true,"href":"https:\/\/yurtbakisi.com\/index.php?rest_route=%2Fwp%2Fv2%2Fcategories&post=7958"},{"taxonomy":"post_tag","embeddable":true,"href":"https:\/\/yurtbakisi.com\/index.php?rest_route=%2Fwp%2Fv2%2Ftags&post=7958"},{"taxonomy":"yb_news_series","embeddable":true,"href":"https:\/\/yurtbakisi.com\/index.php?rest_route=%2Fwp%2Fv2%2Fyb_news_series&post=7958"},{"taxonomy":"yb_language","embeddable":true,"href":"https:\/\/yurtbakisi.com\/index.php?rest_route=%2Fwp%2Fv2%2Fyb_language&post=7958"}],"curies":[{"name":"wp","href":"https:\/\/api.w.org\/{rel}","templated":true}]}}