{"id":7964,"date":"2026-09-01T13:01:17","date_gmt":"2026-09-01T10:01:17","guid":{"rendered":"https:\/\/yurtbakisi.com\/?p=7964"},"modified":"2026-09-01T13:01:24","modified_gmt":"2026-09-01T10:01:24","slug":"iletisim-baskani-duran-tebrikler-12-dev-adam","status":"publish","type":"post","link":"https:\/\/yurtbakisi.com\/?p=7964","title":{"rendered":"\u0130leti\u015fim Ba\u015fkan\u0131 Duran: Tebrikler 12 Dev Adam"},"content":{"rendered":"<p>\u0130leti\u015fim Ba\u015fkan\u0131 Burhanettin Duran, FIBA 2027 D\u00fcnya Kupas\u0131 Elemeleri&#039;nde 8&#039;de 8 yaparak D\u00fcnya Kupas\u0131&#039;na kat\u0131lmay\u0131 ba\u015faran A Milli Erkek Basketbol Tak\u0131m\u0131&#039;n\u0131 tebrik etti.<\/p>\n<p><strong>Kaynak:<\/strong> TRT Haber \u2014 <a href=\"https:\/\/www.trthaber.com\/haber\/gundem\/iletisim-baskani-duran-tebrikler-12-dev-adam-955503.html\" target=\"_blank\" rel=\"nofollow noopener\">Haberin devam\u0131n\u0131 \u00f6zg\u00fcn kayna\u011f\u0131nda oku<\/a><\/p>\n","protected":false},"excerpt":{"rendered":"<p>\u0130leti\u015fim Ba\u015fkan\u0131 Burhanettin Duran, FIBA 2027 D\u00fcnya Kupas\u0131 Elemeleri&#8217;nde 8&#8217;de 8 yaparak D\u00fcnya Kupas\u0131&#8217;na kat\u0131lmay\u0131 ba\u015faran A Milli Erkek Basketbol Tak\u0131m\u0131&#8217;n\u0131 tebrik etti.<\/p>\n","protected":false},"author":0,"featured_media":7965,"comment_status":"closed","ping_status":"closed","sticky":false,"template":"","format":"standard","meta":{"_yb_topic_hash":"e327c9d1461768b5a6332468f81846adf1f0d2c4f027a2e7da3cb189762d014c","_yb_image_repair_status":"","_yb_image_repair_last":"","_yb_image_repair_attempts":0,"_yb_source_trust_score":0,"footnotes":""},"categories":[153],"tags":[],"yb_news_series":[],"yb_language":[],"class_list":["post-7964","post","type-post","status-publish","format-standard","has-post-thumbnail","hentry","category-gundem"],"blocksy_meta":[],"_links":{"self":[{"href":"https:\/\/yurtbakisi.com\/index.php?rest_route=\/wp\/v2\/posts\/7964","targetHints":{"allow":["GET"]}}],"collection":[{"href":"https:\/\/yurtbakisi.com\/index.php?rest_route=\/wp\/v2\/posts"}],"about":[{"href":"https:\/\/yurtbakisi.com\/index.php?rest_route=\/wp\/v2\/types\/post"}],"replies":[{"embeddable":true,"href":"https:\/\/yurtbakisi.com\/index.php?rest_route=%2Fwp%2Fv2%2Fcomments&post=7964"}],"version-history":[{"count":1,"href":"https:\/\/yurtbakisi.com\/index.php?rest_route=\/wp\/v2\/posts\/7964\/revisions"}],"predecessor-version":[{"id":7966,"href":"https:\/\/yurtbakisi.com\/index.php?rest_route=\/wp\/v2\/posts\/7964\/revisions\/7966"}],"wp:featuredmedia":[{"embeddable":true,"href":"https:\/\/yurtbakisi.com\/index.php?rest_route=\/wp\/v2\/media\/7965"}],"wp:attachment":[{"href":"https:\/\/yurtbakisi.com\/index.php?rest_route=%2Fwp%2Fv2%2Fmedia&parent=7964"}],"wp:term":[{"taxonomy":"category","embeddable":true,"href":"https:\/\/yurtbakisi.com\/index.php?rest_route=%2Fwp%2Fv2%2Fcategories&post=7964"},{"taxonomy":"post_tag","embeddable":true,"href":"https:\/\/yurtbakisi.com\/index.php?rest_route=%2Fwp%2Fv2%2Ftags&post=7964"},{"taxonomy":"yb_news_series","embeddable":true,"href":"https:\/\/yurtbakisi.com\/index.php?rest_route=%2Fwp%2Fv2%2Fyb_news_series&post=7964"},{"taxonomy":"yb_language","embeddable":true,"href":"https:\/\/yurtbakisi.com\/index.php?rest_route=%2Fwp%2Fv2%2Fyb_language&post=7964"}],"curies":[{"name":"wp","href":"https:\/\/api.w.org\/{rel}","templated":true}]}}