{"id":7970,"date":"2026-09-01T13:18:32","date_gmt":"2026-09-01T10:18:32","guid":{"rendered":"https:\/\/yurtbakisi.com\/?p=7970"},"modified":"2026-09-01T13:18:32","modified_gmt":"2026-09-01T10:18:32","slug":"ebru-sallidan-takipcilerine-gulumseten-davet-bogazin-serinliginden-seslendi-hadi-birlikte-yapalim-sabah","status":"publish","type":"post","link":"https:\/\/yurtbakisi.com\/?p=7970","title":{"rendered":"Ebru \u015eall\u0131\u2019dan takip\u00e7ilerine g\u00fcl\u00fcmseten davet! Bo\u011faz\u2019\u0131n serinli\u011finden seslendi: Hadi birlikte yapal\u0131m &#8211; Sabah"},"content":{"rendered":"<div class=\"yb-imported-news-note\">\n<p>Ebru \u015eall\u0131\u2019dan takip\u00e7ilerine g\u00fcl\u00fcmseten davet! Bo\u011faz\u2019\u0131n serinli\u011finden seslendi: Hadi birlikte yapal\u0131m Sabah<\/p>\n<p><strong>Kaynak:<\/strong> Canl\u0131 Ak\u0131\u015f \u2014 Magazin \u2014 Ayr\u0131nt\u0131lar ve tam i\u00e7erik i\u00e7in <a href=\"https:\/\/news.google.com\/rss\/articles\/CBMi2wFBVV95cUxPcTdpRF9GTTJTZTNOR3pRd3AzNFYtRU9namxKV1d6R281UTROTnlyYVlBSUUtci1JZ3V1NEJ4T2pRYW9uZGdYV2dENXBZWHdkcUd2cWsxbmdYODJFN19Zb09EV3pXRUdfb0JKNlVCcE9RaXhrRUJGOFdtZjZ0NVhlU096UHl1aVpOOWtnMDUxdzZoZjFUMU0yb0VGbmRBNjhHQUtiX1VIejdaRkMtNTJUWnFYUlJLd0R1QlRuNDM3ekZqUDh1ZUVyM1ZSZ3c3cDFfaVlFdVlwU2ZBYXM?oc=5\" target=\"_blank\" rel=\"nofollow noopener noreferrer\">\u00f6zg\u00fcn haberi a\u00e7\u0131n<\/a>.<\/p>\n<p><small>Bu kay\u0131t RSS haber havuzuna k\u0131sa kaynak \u00f6zeti olarak al\u0131nm\u0131\u015ft\u0131r; \u00f6zg\u00fcn metnin tamam\u0131 kopyalanmam\u0131\u015ft\u0131r.<\/small><\/p>\n<\/div>\n","protected":false},"excerpt":{"rendered":"<p>Ebru \u015eall\u0131\u2019dan takip\u00e7ilerine g\u00fcl\u00fcmseten davet! Bo\u011faz\u2019\u0131n serinli\u011finden seslendi: Hadi birlikte yapal\u0131m Sabah<\/p>\n","protected":false},"author":1,"featured_media":0,"comment_status":"closed","ping_status":"closed","sticky":false,"template":"","format":"standard","meta":{"_yb_topic_hash":"27c9f527babc88596aea1ef8f867988d7ba481c1815cb7f49f7e19a8c69dad8e","_yb_image_repair_status":"failed","_yb_image_repair_last":"2026-09-01 14:55:30","_yb_image_repair_attempts":1,"_yb_source_trust_score":93,"footnotes":""},"categories":[9,66,67,15],"tags":[108,107],"yb_news_series":[],"yb_language":[],"class_list":["post-7970","post","type-post","status-publish","format-standard","has-post-thumbnail","hentry","category-cemiyet","category-cemiyet-sosyal","category-davetler","category-magazin","tag-canli-akis-magazin","tag-cemiyet"],"blocksy_meta":[],"_links":{"self":[{"href":"https:\/\/yurtbakisi.com\/index.php?rest_route=\/wp\/v2\/posts\/7970","targetHints":{"allow":["GET"]}}],"collection":[{"href":"https:\/\/yurtbakisi.com\/index.php?rest_route=\/wp\/v2\/posts"}],"about":[{"href":"https:\/\/yurtbakisi.com\/index.php?rest_route=\/wp\/v2\/types\/post"}],"author":[{"embeddable":true,"href":"https:\/\/yurtbakisi.com\/index.php?rest_route=\/wp\/v2\/users\/1"}],"replies":[{"embeddable":true,"href":"https:\/\/yurtbakisi.com\/index.php?rest_route=%2Fwp%2Fv2%2Fcomments&post=7970"}],"version-history":[{"count":0,"href":"https:\/\/yurtbakisi.com\/index.php?rest_route=\/wp\/v2\/posts\/7970\/revisions"}],"wp:attachment":[{"href":"https:\/\/yurtbakisi.com\/index.php?rest_route=%2Fwp%2Fv2%2Fmedia&parent=7970"}],"wp:term":[{"taxonomy":"category","embeddable":true,"href":"https:\/\/yurtbakisi.com\/index.php?rest_route=%2Fwp%2Fv2%2Fcategories&post=7970"},{"taxonomy":"post_tag","embeddable":true,"href":"https:\/\/yurtbakisi.com\/index.php?rest_route=%2Fwp%2Fv2%2Ftags&post=7970"},{"taxonomy":"yb_news_series","embeddable":true,"href":"https:\/\/yurtbakisi.com\/index.php?rest_route=%2Fwp%2Fv2%2Fyb_news_series&post=7970"},{"taxonomy":"yb_language","embeddable":true,"href":"https:\/\/yurtbakisi.com\/index.php?rest_route=%2Fwp%2Fv2%2Fyb_language&post=7970"}],"curies":[{"name":"wp","href":"https:\/\/api.w.org\/{rel}","templated":true}]}}