{"id":7971,"date":"2026-09-01T13:18:45","date_gmt":"2026-09-01T10:18:45","guid":{"rendered":"https:\/\/yurtbakisi.com\/?p=7971"},"modified":"2026-09-01T13:18:45","modified_gmt":"2026-09-01T10:18:45","slug":"aleyna-tilki-yine-isyan-etti-artik-hic-konserim-olmayacak-magazin-haberleri-mynet","status":"publish","type":"post","link":"https:\/\/yurtbakisi.com\/?p=7971","title":{"rendered":"Aleyna Tilki yine isyan etti: &#8221;Art\u0131k hi\u00e7 konserim olmayacak&#8221; &#8211; Magazin Haberleri &#8211; Mynet"},"content":{"rendered":"<div class=\"yb-imported-news-note\">\n<p>Aleyna Tilki yine isyan etti: &#039;&#039;Art\u0131k hi\u00e7 konserim olmayacak&#039;&#039; &#8211; Magazin Haberleri Mynet<\/p>\n<p><strong>Kaynak:<\/strong> Canl\u0131 Ak\u0131\u015f \u2014 Magazin \u2014 Ayr\u0131nt\u0131lar ve tam i\u00e7erik i\u00e7in <a href=\"https:\/\/news.google.com\/rss\/articles\/CBMiogFBVV95cUxNSmpGT180bzlyYVVRcmhWMG8tem1IRUljcF9YZk9KWUZaNDhXZUI5SDNia2thZEVNT2dvTl9BNEFCTE93MzJseFUzR0xRNGUwMWtTRGhoS1d1S2Zfa2p1MXRIZHNKajFCTUYyWkxjcTJyRVRFLVJ4ZmhlWEk2TnVnV1ZUWTRPNUstN0I5NWR1bTQ0YmhWU2txaTFoT1BUTWhHZ0HSAacBQVVfeXFMT1RMdEQ0dklETWtZUy1EWm1UemFuOUpXMHZfenN2Mkt6QUJkc3VkaU85UTN5YlJVd2hiRGFVaWNNRmdTS2hFaHlXT2QyTU9ZM3h4MTFmNUR6Wm5pLXFlMTNPTnBmS3N5V0FzckNBaGdnUjdCQ29wZ2xDRzVHeTZ2VERRMVpzZ05ReHdhLWh3WXFIOXdsX2x5NFJISE1fdHJaeUVxbHRnd2M?oc=5\" target=\"_blank\" rel=\"nofollow noopener noreferrer\">\u00f6zg\u00fcn haberi a\u00e7\u0131n<\/a>.<\/p>\n<p><small>Bu kay\u0131t RSS haber havuzuna k\u0131sa kaynak \u00f6zeti olarak al\u0131nm\u0131\u015ft\u0131r; \u00f6zg\u00fcn metnin tamam\u0131 kopyalanmam\u0131\u015ft\u0131r.<\/small><\/p>\n<\/div>\n","protected":false},"excerpt":{"rendered":"<p>Aleyna Tilki yine isyan etti: &#8221;Art\u0131k hi\u00e7 konserim olmayacak&#8221; &#8211; Magazin Haberleri Mynet<\/p>\n","protected":false},"author":1,"featured_media":0,"comment_status":"closed","ping_status":"closed","sticky":false,"template":"","format":"standard","meta":{"_yb_topic_hash":"a3699a3b68580d10caff274706b7b6726d746d4a702d077e20044ccb37e7de22","_yb_image_repair_status":"failed","_yb_image_repair_last":"2026-09-01 14:55:30","_yb_image_repair_attempts":1,"_yb_source_trust_score":93,"footnotes":""},"categories":[39,15,5],"tags":[108,109],"yb_news_series":[],"yb_language":[],"class_list":["post-7971","post","type-post","status-publish","format-standard","has-post-thumbnail","hentry","category-konserler","category-magazin","category-muzik","tag-canli-akis-magazin","tag-muzik"],"blocksy_meta":[],"_links":{"self":[{"href":"https:\/\/yurtbakisi.com\/index.php?rest_route=\/wp\/v2\/posts\/7971","targetHints":{"allow":["GET"]}}],"collection":[{"href":"https:\/\/yurtbakisi.com\/index.php?rest_route=\/wp\/v2\/posts"}],"about":[{"href":"https:\/\/yurtbakisi.com\/index.php?rest_route=\/wp\/v2\/types\/post"}],"author":[{"embeddable":true,"href":"https:\/\/yurtbakisi.com\/index.php?rest_route=\/wp\/v2\/users\/1"}],"replies":[{"embeddable":true,"href":"https:\/\/yurtbakisi.com\/index.php?rest_route=%2Fwp%2Fv2%2Fcomments&post=7971"}],"version-history":[{"count":0,"href":"https:\/\/yurtbakisi.com\/index.php?rest_route=\/wp\/v2\/posts\/7971\/revisions"}],"wp:attachment":[{"href":"https:\/\/yurtbakisi.com\/index.php?rest_route=%2Fwp%2Fv2%2Fmedia&parent=7971"}],"wp:term":[{"taxonomy":"category","embeddable":true,"href":"https:\/\/yurtbakisi.com\/index.php?rest_route=%2Fwp%2Fv2%2Fcategories&post=7971"},{"taxonomy":"post_tag","embeddable":true,"href":"https:\/\/yurtbakisi.com\/index.php?rest_route=%2Fwp%2Fv2%2Ftags&post=7971"},{"taxonomy":"yb_news_series","embeddable":true,"href":"https:\/\/yurtbakisi.com\/index.php?rest_route=%2Fwp%2Fv2%2Fyb_news_series&post=7971"},{"taxonomy":"yb_language","embeddable":true,"href":"https:\/\/yurtbakisi.com\/index.php?rest_route=%2Fwp%2Fv2%2Fyb_language&post=7971"}],"curies":[{"name":"wp","href":"https:\/\/api.w.org\/{rel}","templated":true}]}}