{"id":7979,"date":"2026-09-01T13:57:36","date_gmt":"2026-09-01T10:57:36","guid":{"rendered":"https:\/\/yurtbakisi.com\/?p=7979"},"modified":"2026-09-01T13:57:43","modified_gmt":"2026-09-01T10:57:43","slug":"soykirimci-israil-ateskese-ragmen-lubnanin-guneyine-saldirilarini-surdurdu","status":"publish","type":"post","link":"https:\/\/yurtbakisi.com\/?p=7979","title":{"rendered":"Soyk\u0131r\u0131mc\u0131 \u0130srail ate\u015fkese ra\u011fmen L\u00fcbnan&#039;\u0131n g\u00fcneyine sald\u0131r\u0131lar\u0131n\u0131 s\u00fcrd\u00fcrd\u00fc"},"content":{"rendered":"<p>Soyk\u0131r\u0131mc\u0131 \u0130srail, ate\u015fkese ra\u011fmen L\u00fcbnan&#039;\u0131n g\u00fcneyindeki \u00e7e\u015fitli b\u00f6lgelere sald\u0131r\u0131lar d\u00fczenledi.<\/p>\n<p><strong>Kaynak:<\/strong> TRT Haber \u2014 <a href=\"https:\/\/www.trthaber.com\/haber\/dunya\/soykirimci-israil-ateskese-ragmen-lubnanin-guneyine-saldirilarini-surdurdu-955505.html\" target=\"_blank\" rel=\"nofollow noopener\">Haberin devam\u0131n\u0131 \u00f6zg\u00fcn kayna\u011f\u0131nda oku<\/a><\/p>\n","protected":false},"excerpt":{"rendered":"<p>Soyk\u0131r\u0131mc\u0131 \u0130srail, ate\u015fkese ra\u011fmen L\u00fcbnan&#8217;\u0131n g\u00fcneyindeki \u00e7e\u015fitli b\u00f6lgelere sald\u0131r\u0131lar d\u00fczenledi.<\/p>\n","protected":false},"author":0,"featured_media":7980,"comment_status":"closed","ping_status":"closed","sticky":false,"template":"","format":"standard","meta":{"_yb_topic_hash":"87032845dfaf1d7d2be4899c863b3ba17728481df0375d2593f35ad40640688a","_yb_image_repair_status":"","_yb_image_repair_last":"","_yb_image_repair_attempts":0,"_yb_source_trust_score":0,"footnotes":""},"categories":[155],"tags":[],"yb_news_series":[],"yb_language":[],"class_list":["post-7979","post","type-post","status-publish","format-standard","has-post-thumbnail","hentry","category-dunya"],"blocksy_meta":[],"_links":{"self":[{"href":"https:\/\/yurtbakisi.com\/index.php?rest_route=\/wp\/v2\/posts\/7979","targetHints":{"allow":["GET"]}}],"collection":[{"href":"https:\/\/yurtbakisi.com\/index.php?rest_route=\/wp\/v2\/posts"}],"about":[{"href":"https:\/\/yurtbakisi.com\/index.php?rest_route=\/wp\/v2\/types\/post"}],"replies":[{"embeddable":true,"href":"https:\/\/yurtbakisi.com\/index.php?rest_route=%2Fwp%2Fv2%2Fcomments&post=7979"}],"version-history":[{"count":1,"href":"https:\/\/yurtbakisi.com\/index.php?rest_route=\/wp\/v2\/posts\/7979\/revisions"}],"predecessor-version":[{"id":7981,"href":"https:\/\/yurtbakisi.com\/index.php?rest_route=\/wp\/v2\/posts\/7979\/revisions\/7981"}],"wp:featuredmedia":[{"embeddable":true,"href":"https:\/\/yurtbakisi.com\/index.php?rest_route=\/wp\/v2\/media\/7980"}],"wp:attachment":[{"href":"https:\/\/yurtbakisi.com\/index.php?rest_route=%2Fwp%2Fv2%2Fmedia&parent=7979"}],"wp:term":[{"taxonomy":"category","embeddable":true,"href":"https:\/\/yurtbakisi.com\/index.php?rest_route=%2Fwp%2Fv2%2Fcategories&post=7979"},{"taxonomy":"post_tag","embeddable":true,"href":"https:\/\/yurtbakisi.com\/index.php?rest_route=%2Fwp%2Fv2%2Ftags&post=7979"},{"taxonomy":"yb_news_series","embeddable":true,"href":"https:\/\/yurtbakisi.com\/index.php?rest_route=%2Fwp%2Fv2%2Fyb_news_series&post=7979"},{"taxonomy":"yb_language","embeddable":true,"href":"https:\/\/yurtbakisi.com\/index.php?rest_route=%2Fwp%2Fv2%2Fyb_language&post=7979"}],"curies":[{"name":"wp","href":"https:\/\/api.w.org\/{rel}","templated":true}]}}