{"id":8021,"date":"2026-09-01T20:01:57","date_gmt":"2026-09-01T17:01:57","guid":{"rendered":"https:\/\/yurtbakisi.com\/?p=8021"},"modified":"2026-09-01T20:02:07","modified_gmt":"2026-09-01T17:02:07","slug":"cumhurbaskani-erdogan-akkuyu-santralinin-bitim-donemine-girmis-vaziyetteyiz","status":"publish","type":"post","link":"https:\/\/yurtbakisi.com\/?p=8021","title":{"rendered":"Cumhurba\u015fkan\u0131 Erdo\u011fan: Akkuyu Santrali&#039;nin bitim d\u00f6nemine girmi\u015f vaziyetteyiz"},"content":{"rendered":"<p>Cumhurba\u015fkan\u0131 Recep Tayyip Erdo\u011fan, Rusya Devlet Ba\u015fkan\u0131 Vladimir Putin ile g\u00f6r\u00fc\u015f\u00fcyor. Erdo\u011fan, Putin ile yapt\u0131\u011f\u0131 bas\u0131n a\u00e7\u0131klamas\u0131nda, &quot;\u015euanda art\u0131k Akkuyu Santrali&#039;nin bitim d\u00f6nemine girmi\u015f vaziyetteyiz. Akkuyu Santrali&#039;nin a\u00e7\u0131l\u0131\u015f\u0131 ile yeni baz\u0131 santrallerinin a\u00e7\u0131l\u0131\u015f ad\u0131mlar\u0131n\u0131 birlikte ataca\u011f\u0131z&quot; dedi.<\/p>\n<p><strong>Kaynak:<\/strong> TRT Haber \u2014 <a href=\"https:\/\/www.trthaber.com\/haber\/gundem\/cumhurbaskani-erdogan-akkuyu-santralinin-bitim-donemine-girmis-vaziyetteyiz-955572.html\" target=\"_blank\" rel=\"nofollow noopener\">Haberin devam\u0131n\u0131 \u00f6zg\u00fcn kayna\u011f\u0131nda oku<\/a><\/p>\n","protected":false},"excerpt":{"rendered":"<p>Cumhurba\u015fkan\u0131 Recep Tayyip Erdo\u011fan, Rusya Devlet Ba\u015fkan\u0131 Vladimir Putin ile g\u00f6r\u00fc\u015f\u00fcyor. Erdo\u011fan, Putin ile yapt\u0131\u011f\u0131 bas\u0131n a\u00e7\u0131klamas\u0131nda, &#8220;\u015euanda art\u0131k Akkuyu Santrali&#8217;nin bitim d\u00f6nemine girmi\u015f vaziyetteyiz. Akkuyu Santrali&#8217;nin a\u00e7\u0131l\u0131\u015f\u0131 ile yeni baz\u0131 santrallerinin a\u00e7\u0131l\u0131\u015f ad\u0131mlar\u0131n\u0131\u2026<\/p>\n","protected":false},"author":0,"featured_media":8022,"comment_status":"closed","ping_status":"closed","sticky":false,"template":"","format":"standard","meta":{"_yb_topic_hash":"8ecc7bbdfa4937a3c98d53e526ec2861b13420aab9f45cc177d60e542f23fa1c","_yb_image_repair_status":"","_yb_image_repair_last":"","_yb_image_repair_attempts":0,"_yb_source_trust_score":0,"footnotes":""},"categories":[153],"tags":[107],"yb_news_series":[],"yb_language":[],"class_list":["post-8021","post","type-post","status-publish","format-standard","has-post-thumbnail","hentry","category-gundem","tag-cemiyet"],"blocksy_meta":[],"_links":{"self":[{"href":"https:\/\/yurtbakisi.com\/index.php?rest_route=\/wp\/v2\/posts\/8021","targetHints":{"allow":["GET"]}}],"collection":[{"href":"https:\/\/yurtbakisi.com\/index.php?rest_route=\/wp\/v2\/posts"}],"about":[{"href":"https:\/\/yurtbakisi.com\/index.php?rest_route=\/wp\/v2\/types\/post"}],"replies":[{"embeddable":true,"href":"https:\/\/yurtbakisi.com\/index.php?rest_route=%2Fwp%2Fv2%2Fcomments&post=8021"}],"version-history":[{"count":1,"href":"https:\/\/yurtbakisi.com\/index.php?rest_route=\/wp\/v2\/posts\/8021\/revisions"}],"predecessor-version":[{"id":8023,"href":"https:\/\/yurtbakisi.com\/index.php?rest_route=\/wp\/v2\/posts\/8021\/revisions\/8023"}],"wp:featuredmedia":[{"embeddable":true,"href":"https:\/\/yurtbakisi.com\/index.php?rest_route=\/wp\/v2\/media\/8022"}],"wp:attachment":[{"href":"https:\/\/yurtbakisi.com\/index.php?rest_route=%2Fwp%2Fv2%2Fmedia&parent=8021"}],"wp:term":[{"taxonomy":"category","embeddable":true,"href":"https:\/\/yurtbakisi.com\/index.php?rest_route=%2Fwp%2Fv2%2Fcategories&post=8021"},{"taxonomy":"post_tag","embeddable":true,"href":"https:\/\/yurtbakisi.com\/index.php?rest_route=%2Fwp%2Fv2%2Ftags&post=8021"},{"taxonomy":"yb_news_series","embeddable":true,"href":"https:\/\/yurtbakisi.com\/index.php?rest_route=%2Fwp%2Fv2%2Fyb_news_series&post=8021"},{"taxonomy":"yb_language","embeddable":true,"href":"https:\/\/yurtbakisi.com\/index.php?rest_route=%2Fwp%2Fv2%2Fyb_language&post=8021"}],"curies":[{"name":"wp","href":"https:\/\/api.w.org\/{rel}","templated":true}]}}