{"id":8039,"date":"2026-09-01T22:59:09","date_gmt":"2026-09-01T19:59:09","guid":{"rendered":"https:\/\/yurtbakisi.com\/?p=8039"},"modified":"2026-09-01T22:59:15","modified_gmt":"2026-09-01T19:59:15","slug":"kudus-valiligi-agustosta-5-bin-209-israilli-mescidi-aksaya-baskin-duzenledi","status":"publish","type":"post","link":"https:\/\/yurtbakisi.com\/?p=8039","title":{"rendered":"Kud\u00fcs Valili\u011fi: A\u011fustosta 5 bin 209 \u0130srailli Mescidi Aksa&#039;ya bask\u0131n d\u00fczenledi"},"content":{"rendered":"<p>Filistin y\u00f6netimine ba\u011fl\u0131 Kud\u00fcs Valili\u011fi, a\u011fustos ay\u0131nda Filistin topraklar\u0131n\u0131 gasbeden 5 bin 209 \u0130sraillinin i\u015fgal alt\u0131ndaki Do\u011fu Kud\u00fcs&#039;teki Mescid-i Aksa&#039;ya bask\u0131n d\u00fczenledi\u011fini, \u0130srail&#039;in ise 2 Filistinliyi \u00f6ld\u00fcrd\u00fc\u011f\u00fcn\u00fc ve 114 ki\u015fiyi g\u00f6zalt\u0131na ald\u0131\u011f\u0131n\u0131 bildirdi.<\/p>\n<p><strong>Kaynak:<\/strong> TRT Haber \u2014 <a href=\"https:\/\/www.trthaber.com\/haber\/dunya\/kudus-valiligi-agustosta-5-bin-209-israilli-mescid-i-aksaya-baskin-duzenledi-955601.html\" target=\"_blank\" rel=\"nofollow noopener\">Haberin devam\u0131n\u0131 \u00f6zg\u00fcn kayna\u011f\u0131nda oku<\/a><\/p>\n","protected":false},"excerpt":{"rendered":"<p>Filistin y\u00f6netimine ba\u011fl\u0131 Kud\u00fcs Valili\u011fi, a\u011fustos ay\u0131nda Filistin topraklar\u0131n\u0131 gasbeden 5 bin 209 \u0130sraillinin i\u015fgal alt\u0131ndaki Do\u011fu Kud\u00fcs&#8217;teki Mescid-i Aksa&#8217;ya bask\u0131n d\u00fczenledi\u011fini, \u0130srail&#8217;in ise 2 Filistinliyi \u00f6ld\u00fcrd\u00fc\u011f\u00fcn\u00fc ve 114 ki\u015fiyi g\u00f6zalt\u0131na ald\u0131\u011f\u0131n\u0131 bildirdi.<\/p>\n","protected":false},"author":0,"featured_media":8040,"comment_status":"closed","ping_status":"closed","sticky":false,"template":"","format":"standard","meta":{"_yb_topic_hash":"ec4b8c1f954524df4e38c4506808fad5c26fa1c2c1eac5603da8dc7eb91054c6","_yb_image_repair_status":"","_yb_image_repair_last":"","_yb_image_repair_attempts":0,"_yb_source_trust_score":0,"footnotes":""},"categories":[155],"tags":[107],"yb_news_series":[],"yb_language":[],"class_list":["post-8039","post","type-post","status-publish","format-standard","has-post-thumbnail","hentry","category-dunya","tag-cemiyet"],"blocksy_meta":[],"_links":{"self":[{"href":"https:\/\/yurtbakisi.com\/index.php?rest_route=\/wp\/v2\/posts\/8039","targetHints":{"allow":["GET"]}}],"collection":[{"href":"https:\/\/yurtbakisi.com\/index.php?rest_route=\/wp\/v2\/posts"}],"about":[{"href":"https:\/\/yurtbakisi.com\/index.php?rest_route=\/wp\/v2\/types\/post"}],"replies":[{"embeddable":true,"href":"https:\/\/yurtbakisi.com\/index.php?rest_route=%2Fwp%2Fv2%2Fcomments&post=8039"}],"version-history":[{"count":1,"href":"https:\/\/yurtbakisi.com\/index.php?rest_route=\/wp\/v2\/posts\/8039\/revisions"}],"predecessor-version":[{"id":8041,"href":"https:\/\/yurtbakisi.com\/index.php?rest_route=\/wp\/v2\/posts\/8039\/revisions\/8041"}],"wp:featuredmedia":[{"embeddable":true,"href":"https:\/\/yurtbakisi.com\/index.php?rest_route=\/wp\/v2\/media\/8040"}],"wp:attachment":[{"href":"https:\/\/yurtbakisi.com\/index.php?rest_route=%2Fwp%2Fv2%2Fmedia&parent=8039"}],"wp:term":[{"taxonomy":"category","embeddable":true,"href":"https:\/\/yurtbakisi.com\/index.php?rest_route=%2Fwp%2Fv2%2Fcategories&post=8039"},{"taxonomy":"post_tag","embeddable":true,"href":"https:\/\/yurtbakisi.com\/index.php?rest_route=%2Fwp%2Fv2%2Ftags&post=8039"},{"taxonomy":"yb_news_series","embeddable":true,"href":"https:\/\/yurtbakisi.com\/index.php?rest_route=%2Fwp%2Fv2%2Fyb_news_series&post=8039"},{"taxonomy":"yb_language","embeddable":true,"href":"https:\/\/yurtbakisi.com\/index.php?rest_route=%2Fwp%2Fv2%2Fyb_language&post=8039"}],"curies":[{"name":"wp","href":"https:\/\/api.w.org\/{rel}","templated":true}]}}