{"id":8064,"date":"2026-09-01T23:04:37","date_gmt":"2026-09-01T20:04:37","guid":{"rendered":"https:\/\/yurtbakisi.com\/?p=8064"},"modified":"2026-09-01T23:04:44","modified_gmt":"2026-09-01T20:04:44","slug":"eski-icisleri-bakani-sahin-icin-adli-kontrol-talebi","status":"publish","type":"post","link":"https:\/\/yurtbakisi.com\/?p=8064","title":{"rendered":"Eski \u0130\u00e7i\u015fleri Bakan\u0131 \u015eahin i\u00e7in adli kontrol talebi"},"content":{"rendered":"<p>Eski \u0130\u00e7i\u015fleri Bakan\u0131 \u0130dris Naim \u015eahin&#039;in, Alihan Kuri\u015f su\u00e7 \u00f6rg\u00fct\u00fc soru\u015fturmas\u0131 kapsam\u0131nda ifadesine ba\u015fvuruldu. \u015eahin, ifadesinin ard\u0131ndan adli kontrol talebiyle n\u00f6bet\u00e7i sulh ceza hakimli\u011fine sevk edildi.<\/p>\n<p><strong>Kaynak:<\/strong> TRT Haber \u2014 <a href=\"https:\/\/www.trthaber.com\/haber\/gundem\/eski-icisleri-bakani-sahin-icin-adli-kontrol-talebi-955596.html\" target=\"_blank\" rel=\"nofollow noopener\">Haberin devam\u0131n\u0131 \u00f6zg\u00fcn kayna\u011f\u0131nda oku<\/a><\/p>\n","protected":false},"excerpt":{"rendered":"<p>Eski \u0130\u00e7i\u015fleri Bakan\u0131 \u0130dris Naim \u015eahin&#8217;in, Alihan Kuri\u015f su\u00e7 \u00f6rg\u00fct\u00fc soru\u015fturmas\u0131 kapsam\u0131nda ifadesine ba\u015fvuruldu. \u015eahin, ifadesinin ard\u0131ndan adli kontrol talebiyle n\u00f6bet\u00e7i sulh ceza hakimli\u011fine sevk edildi.<\/p>\n","protected":false},"author":0,"featured_media":8065,"comment_status":"closed","ping_status":"closed","sticky":false,"template":"","format":"standard","meta":{"_yb_topic_hash":"cae52e044e85d77385c2aef691d144dd01e8e70879774d18a2c196e552a3fc52","_yb_image_repair_status":"","_yb_image_repair_last":"","_yb_image_repair_attempts":0,"_yb_source_trust_score":0,"footnotes":""},"categories":[153],"tags":[],"yb_news_series":[],"yb_language":[],"class_list":["post-8064","post","type-post","status-publish","format-standard","has-post-thumbnail","hentry","category-gundem"],"blocksy_meta":[],"_links":{"self":[{"href":"https:\/\/yurtbakisi.com\/index.php?rest_route=\/wp\/v2\/posts\/8064","targetHints":{"allow":["GET"]}}],"collection":[{"href":"https:\/\/yurtbakisi.com\/index.php?rest_route=\/wp\/v2\/posts"}],"about":[{"href":"https:\/\/yurtbakisi.com\/index.php?rest_route=\/wp\/v2\/types\/post"}],"replies":[{"embeddable":true,"href":"https:\/\/yurtbakisi.com\/index.php?rest_route=%2Fwp%2Fv2%2Fcomments&post=8064"}],"version-history":[{"count":1,"href":"https:\/\/yurtbakisi.com\/index.php?rest_route=\/wp\/v2\/posts\/8064\/revisions"}],"predecessor-version":[{"id":8066,"href":"https:\/\/yurtbakisi.com\/index.php?rest_route=\/wp\/v2\/posts\/8064\/revisions\/8066"}],"wp:featuredmedia":[{"embeddable":true,"href":"https:\/\/yurtbakisi.com\/index.php?rest_route=\/wp\/v2\/media\/8065"}],"wp:attachment":[{"href":"https:\/\/yurtbakisi.com\/index.php?rest_route=%2Fwp%2Fv2%2Fmedia&parent=8064"}],"wp:term":[{"taxonomy":"category","embeddable":true,"href":"https:\/\/yurtbakisi.com\/index.php?rest_route=%2Fwp%2Fv2%2Fcategories&post=8064"},{"taxonomy":"post_tag","embeddable":true,"href":"https:\/\/yurtbakisi.com\/index.php?rest_route=%2Fwp%2Fv2%2Ftags&post=8064"},{"taxonomy":"yb_news_series","embeddable":true,"href":"https:\/\/yurtbakisi.com\/index.php?rest_route=%2Fwp%2Fv2%2Fyb_news_series&post=8064"},{"taxonomy":"yb_language","embeddable":true,"href":"https:\/\/yurtbakisi.com\/index.php?rest_route=%2Fwp%2Fv2%2Fyb_language&post=8064"}],"curies":[{"name":"wp","href":"https:\/\/api.w.org\/{rel}","templated":true}]}}