{"id":8085,"date":"2026-09-02T00:01:22","date_gmt":"2026-09-01T21:01:22","guid":{"rendered":"https:\/\/yurtbakisi.com\/?p=8085"},"modified":"2026-09-02T00:01:29","modified_gmt":"2026-09-01T21:01:29","slug":"ozel-okullarda-ucretsiz-okutulacak-ogrencilerin-yerlestirme-sonuclari-aciklandi","status":"publish","type":"post","link":"https:\/\/yurtbakisi.com\/?p=8085","title":{"rendered":"\u00d6zel okullarda \u00fccretsiz okutulacak \u00f6\u011frencilerin yerle\u015ftirme sonu\u00e7lar\u0131 a\u00e7\u0131kland\u0131"},"content":{"rendered":"<p>Milli E\u011fitim Bakanl\u0131\u011f\u0131nca (MEB), 5580 say\u0131l\u0131 \u00d6zel \u00d6\u011fretim Kurumlar\u0131 Kanunu kapsam\u0131nda 2026-2027 e\u011fitim \u00f6\u011fretim y\u0131l\u0131 i\u00e7in \u00f6zel okullarda \u00fccretsiz okutulacak \u00f6ncelikli \u00f6\u011frencilerin yerle\u015ftirme sonu\u00e7lar\u0131 a\u00e7\u0131kland\u0131.<\/p>\n<p><strong>Kaynak:<\/strong> TRT Haber \u2014 <a href=\"https:\/\/www.trthaber.com\/haber\/egitim\/ozel-okullarda-ucretsiz-okutulacak-ogrencilerin-yerlestirme-sonuclari-aciklandi-955537.html\" target=\"_blank\" rel=\"nofollow noopener\">Haberin devam\u0131n\u0131 \u00f6zg\u00fcn kayna\u011f\u0131nda oku<\/a><\/p>\n","protected":false},"excerpt":{"rendered":"<p>Milli E\u011fitim Bakanl\u0131\u011f\u0131nca (MEB), 5580 say\u0131l\u0131 \u00d6zel \u00d6\u011fretim Kurumlar\u0131 Kanunu kapsam\u0131nda 2026-2027 e\u011fitim \u00f6\u011fretim y\u0131l\u0131 i\u00e7in \u00f6zel okullarda \u00fccretsiz okutulacak \u00f6ncelikli \u00f6\u011frencilerin yerle\u015ftirme sonu\u00e7lar\u0131 a\u00e7\u0131kland\u0131.<\/p>\n","protected":false},"author":0,"featured_media":8086,"comment_status":"closed","ping_status":"closed","sticky":false,"template":"","format":"standard","meta":{"_yb_topic_hash":"5272de5d66ab7929d5038e8da7dee9eb671afb418447f6e2414375de9de3d55a","_yb_image_repair_status":"","_yb_image_repair_last":"","_yb_image_repair_attempts":0,"_yb_source_trust_score":0,"footnotes":""},"categories":[157],"tags":[],"yb_news_series":[],"yb_language":[],"class_list":["post-8085","post","type-post","status-publish","format-standard","has-post-thumbnail","hentry","category-egitim"],"blocksy_meta":[],"_links":{"self":[{"href":"https:\/\/yurtbakisi.com\/index.php?rest_route=\/wp\/v2\/posts\/8085","targetHints":{"allow":["GET"]}}],"collection":[{"href":"https:\/\/yurtbakisi.com\/index.php?rest_route=\/wp\/v2\/posts"}],"about":[{"href":"https:\/\/yurtbakisi.com\/index.php?rest_route=\/wp\/v2\/types\/post"}],"replies":[{"embeddable":true,"href":"https:\/\/yurtbakisi.com\/index.php?rest_route=%2Fwp%2Fv2%2Fcomments&post=8085"}],"version-history":[{"count":1,"href":"https:\/\/yurtbakisi.com\/index.php?rest_route=\/wp\/v2\/posts\/8085\/revisions"}],"predecessor-version":[{"id":8087,"href":"https:\/\/yurtbakisi.com\/index.php?rest_route=\/wp\/v2\/posts\/8085\/revisions\/8087"}],"wp:featuredmedia":[{"embeddable":true,"href":"https:\/\/yurtbakisi.com\/index.php?rest_route=\/wp\/v2\/media\/8086"}],"wp:attachment":[{"href":"https:\/\/yurtbakisi.com\/index.php?rest_route=%2Fwp%2Fv2%2Fmedia&parent=8085"}],"wp:term":[{"taxonomy":"category","embeddable":true,"href":"https:\/\/yurtbakisi.com\/index.php?rest_route=%2Fwp%2Fv2%2Fcategories&post=8085"},{"taxonomy":"post_tag","embeddable":true,"href":"https:\/\/yurtbakisi.com\/index.php?rest_route=%2Fwp%2Fv2%2Ftags&post=8085"},{"taxonomy":"yb_news_series","embeddable":true,"href":"https:\/\/yurtbakisi.com\/index.php?rest_route=%2Fwp%2Fv2%2Fyb_news_series&post=8085"},{"taxonomy":"yb_language","embeddable":true,"href":"https:\/\/yurtbakisi.com\/index.php?rest_route=%2Fwp%2Fv2%2Fyb_language&post=8085"}],"curies":[{"name":"wp","href":"https:\/\/api.w.org\/{rel}","templated":true}]}}