{"id":8091,"date":"2026-09-02T00:01:50","date_gmt":"2026-09-01T21:01:50","guid":{"rendered":"https:\/\/yurtbakisi.com\/?p=8091"},"modified":"2026-09-02T00:01:57","modified_gmt":"2026-09-01T21:01:57","slug":"istanbulda-4-yildir-kayip-olan-kadinin-cesedi-esenyurtta-bulundu","status":"publish","type":"post","link":"https:\/\/yurtbakisi.com\/?p=8091","title":{"rendered":"\u0130stanbul&#039;da 4 y\u0131ld\u0131r kay\u0131p olan kad\u0131n\u0131n cesedi Esenyurt&#039;ta bulundu"},"content":{"rendered":"<p>\u0130stanbul&#039;da 2022 y\u0131l\u0131nda tedavi i\u00e7in g\u00f6t\u00fcr\u00fcld\u00fc\u011f\u00fc hastaneden izinsiz ayr\u0131ld\u0131ktan sonra kendisinden bir daha haber al\u0131namayan ve hayat\u0131n\u0131 kaybetti\u011fi belirlenen kad\u0131n\u0131n \u00f6l\u00fcm\u00fcne ili\u015fkin 6 \u015f\u00fcpheli yakalan\u0131rken, cesedi Esenyurt&#039;ta bo\u015f bir arazide bulundu.<\/p>\n<p><strong>Kaynak:<\/strong> TRT Haber \u2014 <a href=\"https:\/\/www.trthaber.com\/haber\/turkiye\/istanbulda-4-yildir-kayip-olan-kadinin-cesedi-esenyurtta-bulundu-955580.html\" target=\"_blank\" rel=\"nofollow noopener\">Haberin devam\u0131n\u0131 \u00f6zg\u00fcn kayna\u011f\u0131nda oku<\/a><\/p>\n","protected":false},"excerpt":{"rendered":"<p>\u0130stanbul&#8217;da 2022 y\u0131l\u0131nda tedavi i\u00e7in g\u00f6t\u00fcr\u00fcld\u00fc\u011f\u00fc hastaneden izinsiz ayr\u0131ld\u0131ktan sonra kendisinden bir daha haber al\u0131namayan ve hayat\u0131n\u0131 kaybetti\u011fi belirlenen kad\u0131n\u0131n \u00f6l\u00fcm\u00fcne ili\u015fkin 6 \u015f\u00fcpheli yakalan\u0131rken, cesedi Esenyurt&#8217;ta bo\u015f bir arazide bulundu.<\/p>\n","protected":false},"author":0,"featured_media":8092,"comment_status":"closed","ping_status":"closed","sticky":false,"template":"","format":"standard","meta":{"_yb_topic_hash":"cea2a2e95f3933e508f741186e5d18ed677c9b27a9b8ca50bb89e5898d9a083c","_yb_image_repair_status":"","_yb_image_repair_last":"","_yb_image_repair_attempts":0,"_yb_source_trust_score":0,"footnotes":""},"categories":[154],"tags":[],"yb_news_series":[],"yb_language":[],"class_list":["post-8091","post","type-post","status-publish","format-standard","has-post-thumbnail","hentry","category-turkiye"],"blocksy_meta":[],"_links":{"self":[{"href":"https:\/\/yurtbakisi.com\/index.php?rest_route=\/wp\/v2\/posts\/8091","targetHints":{"allow":["GET"]}}],"collection":[{"href":"https:\/\/yurtbakisi.com\/index.php?rest_route=\/wp\/v2\/posts"}],"about":[{"href":"https:\/\/yurtbakisi.com\/index.php?rest_route=\/wp\/v2\/types\/post"}],"replies":[{"embeddable":true,"href":"https:\/\/yurtbakisi.com\/index.php?rest_route=%2Fwp%2Fv2%2Fcomments&post=8091"}],"version-history":[{"count":1,"href":"https:\/\/yurtbakisi.com\/index.php?rest_route=\/wp\/v2\/posts\/8091\/revisions"}],"predecessor-version":[{"id":8093,"href":"https:\/\/yurtbakisi.com\/index.php?rest_route=\/wp\/v2\/posts\/8091\/revisions\/8093"}],"wp:featuredmedia":[{"embeddable":true,"href":"https:\/\/yurtbakisi.com\/index.php?rest_route=\/wp\/v2\/media\/8092"}],"wp:attachment":[{"href":"https:\/\/yurtbakisi.com\/index.php?rest_route=%2Fwp%2Fv2%2Fmedia&parent=8091"}],"wp:term":[{"taxonomy":"category","embeddable":true,"href":"https:\/\/yurtbakisi.com\/index.php?rest_route=%2Fwp%2Fv2%2Fcategories&post=8091"},{"taxonomy":"post_tag","embeddable":true,"href":"https:\/\/yurtbakisi.com\/index.php?rest_route=%2Fwp%2Fv2%2Ftags&post=8091"},{"taxonomy":"yb_news_series","embeddable":true,"href":"https:\/\/yurtbakisi.com\/index.php?rest_route=%2Fwp%2Fv2%2Fyb_news_series&post=8091"},{"taxonomy":"yb_language","embeddable":true,"href":"https:\/\/yurtbakisi.com\/index.php?rest_route=%2Fwp%2Fv2%2Fyb_language&post=8091"}],"curies":[{"name":"wp","href":"https:\/\/api.w.org\/{rel}","templated":true}]}}