{"id":8094,"date":"2026-09-02T00:02:04","date_gmt":"2026-09-01T21:02:04","guid":{"rendered":"https:\/\/yurtbakisi.com\/?p=8094"},"modified":"2026-09-02T00:02:11","modified_gmt":"2026-09-01T21:02:11","slug":"nepaldeki-selde-hayatini-kaybedenlerin-sayisi-1050ye-yukseldi","status":"publish","type":"post","link":"https:\/\/yurtbakisi.com\/?p=8094","title":{"rendered":"Nepal&#039;deki selde hayat\u0131n\u0131 kaybedenlerin say\u0131s\u0131 1050&#039;ye y\u00fckseldi"},"content":{"rendered":"<p>Nepal&#039;in \u00c7in s\u0131n\u0131r\u0131na yak\u0131n Rasuwa b\u00f6lgesi ve \u00e7evresinde meydana gelen selde hayat\u0131n\u0131 kaybedenlerin say\u0131s\u0131n\u0131n 1050&#039;ye \u00e7\u0131kt\u0131\u011f\u0131 duyuruldu.<\/p>\n<p><strong>Kaynak:<\/strong> TRT Haber \u2014 <a href=\"https:\/\/www.trthaber.com\/haber\/dunya\/nepaldeki-selde-hayatini-kaybedenlerin-sayisi-1050ye-yukseldi-955595.html\" target=\"_blank\" rel=\"nofollow noopener\">Haberin devam\u0131n\u0131 \u00f6zg\u00fcn kayna\u011f\u0131nda oku<\/a><\/p>\n","protected":false},"excerpt":{"rendered":"<p>Nepal&#8217;in \u00c7in s\u0131n\u0131r\u0131na yak\u0131n Rasuwa b\u00f6lgesi ve \u00e7evresinde meydana gelen selde hayat\u0131n\u0131 kaybedenlerin say\u0131s\u0131n\u0131n 1050&#8217;ye \u00e7\u0131kt\u0131\u011f\u0131 duyuruldu.<\/p>\n","protected":false},"author":0,"featured_media":8095,"comment_status":"closed","ping_status":"closed","sticky":false,"template":"","format":"standard","meta":{"_yb_topic_hash":"7cdc89ff80ea5eb87c49979d084f4d3bfd7f144c7c083a6714aa81ca0bc44e60","_yb_image_repair_status":"","_yb_image_repair_last":"","_yb_image_repair_attempts":0,"_yb_source_trust_score":0,"footnotes":""},"categories":[155],"tags":[],"yb_news_series":[],"yb_language":[],"class_list":["post-8094","post","type-post","status-publish","format-standard","has-post-thumbnail","hentry","category-dunya"],"blocksy_meta":[],"_links":{"self":[{"href":"https:\/\/yurtbakisi.com\/index.php?rest_route=\/wp\/v2\/posts\/8094","targetHints":{"allow":["GET"]}}],"collection":[{"href":"https:\/\/yurtbakisi.com\/index.php?rest_route=\/wp\/v2\/posts"}],"about":[{"href":"https:\/\/yurtbakisi.com\/index.php?rest_route=\/wp\/v2\/types\/post"}],"replies":[{"embeddable":true,"href":"https:\/\/yurtbakisi.com\/index.php?rest_route=%2Fwp%2Fv2%2Fcomments&post=8094"}],"version-history":[{"count":1,"href":"https:\/\/yurtbakisi.com\/index.php?rest_route=\/wp\/v2\/posts\/8094\/revisions"}],"predecessor-version":[{"id":8096,"href":"https:\/\/yurtbakisi.com\/index.php?rest_route=\/wp\/v2\/posts\/8094\/revisions\/8096"}],"wp:featuredmedia":[{"embeddable":true,"href":"https:\/\/yurtbakisi.com\/index.php?rest_route=\/wp\/v2\/media\/8095"}],"wp:attachment":[{"href":"https:\/\/yurtbakisi.com\/index.php?rest_route=%2Fwp%2Fv2%2Fmedia&parent=8094"}],"wp:term":[{"taxonomy":"category","embeddable":true,"href":"https:\/\/yurtbakisi.com\/index.php?rest_route=%2Fwp%2Fv2%2Fcategories&post=8094"},{"taxonomy":"post_tag","embeddable":true,"href":"https:\/\/yurtbakisi.com\/index.php?rest_route=%2Fwp%2Fv2%2Ftags&post=8094"},{"taxonomy":"yb_news_series","embeddable":true,"href":"https:\/\/yurtbakisi.com\/index.php?rest_route=%2Fwp%2Fv2%2Fyb_news_series&post=8094"},{"taxonomy":"yb_language","embeddable":true,"href":"https:\/\/yurtbakisi.com\/index.php?rest_route=%2Fwp%2Fv2%2Fyb_language&post=8094"}],"curies":[{"name":"wp","href":"https:\/\/api.w.org\/{rel}","templated":true}]}}