{"id":8097,"date":"2026-09-02T00:02:17","date_gmt":"2026-09-01T21:02:17","guid":{"rendered":"https:\/\/yurtbakisi.com\/?p=8097"},"modified":"2026-09-02T00:02:21","modified_gmt":"2026-09-01T21:02:21","slug":"turk-savunma-sanayisi-dunya-devleriyle-yarisiyor","status":"publish","type":"post","link":"https:\/\/yurtbakisi.com\/?p=8097","title":{"rendered":"T\u00fcrk savunma sanayisi d\u00fcnya devleriyle yar\u0131\u015f\u0131yor"},"content":{"rendered":"<p>T\u00fcrk savunma sanayisindeki y\u00fckseli\u015f, uluslararas\u0131 listelere de yans\u0131yor. ABD merkezli savunma sanayisi yay\u0131n\u0131 Defense News&#039;in haz\u0131rlad\u0131\u011f\u0131 &quot;Zirvedeki 100&quot; listesinde 5 T\u00fcrk \u015firketi yer ald\u0131. 40&#039;\u0131nc\u0131 s\u0131rada yer alan ASELSAN, listedeki en \u00fcst s\u0131radaki T\u00fcrk \u015firketi olurken, listeye 53&#039;\u00fcnc\u00fc s\u0131radan giren ARCA Savunma dikkatleri \u00fczerine toplad\u0131.<\/p>\n<p><strong>Kaynak:<\/strong> TRT Haber \u2014 <a href=\"https:\/\/www.trthaber.com\/haber\/dunya\/turk-savunma-sanayisi-dunya-devleriyle-yarisiyor-955535.html\" target=\"_blank\" rel=\"nofollow noopener\">Haberin devam\u0131n\u0131 \u00f6zg\u00fcn kayna\u011f\u0131nda oku<\/a><\/p>\n","protected":false},"excerpt":{"rendered":"<p>T\u00fcrk savunma sanayisindeki y\u00fckseli\u015f, uluslararas\u0131 listelere de yans\u0131yor. ABD merkezli savunma sanayisi yay\u0131n\u0131 Defense News&#8217;in haz\u0131rlad\u0131\u011f\u0131 &#8220;Zirvedeki 100&#8221; listesinde 5 T\u00fcrk \u015firketi yer ald\u0131. 40&#8217;\u0131nc\u0131 s\u0131rada yer alan ASELSAN, listedeki en \u00fcst s\u0131radaki T\u00fcrk\u2026<\/p>\n","protected":false},"author":0,"featured_media":8098,"comment_status":"closed","ping_status":"closed","sticky":false,"template":"","format":"standard","meta":{"_yb_topic_hash":"9939eab0fa639bec269fe0e3917dc183a26bf07d205d6f4855fd58e482678428","_yb_image_repair_status":"","_yb_image_repair_last":"","_yb_image_repair_attempts":0,"_yb_source_trust_score":0,"footnotes":""},"categories":[153],"tags":[],"yb_news_series":[],"yb_language":[],"class_list":["post-8097","post","type-post","status-publish","format-standard","has-post-thumbnail","hentry","category-gundem"],"blocksy_meta":[],"_links":{"self":[{"href":"https:\/\/yurtbakisi.com\/index.php?rest_route=\/wp\/v2\/posts\/8097","targetHints":{"allow":["GET"]}}],"collection":[{"href":"https:\/\/yurtbakisi.com\/index.php?rest_route=\/wp\/v2\/posts"}],"about":[{"href":"https:\/\/yurtbakisi.com\/index.php?rest_route=\/wp\/v2\/types\/post"}],"replies":[{"embeddable":true,"href":"https:\/\/yurtbakisi.com\/index.php?rest_route=%2Fwp%2Fv2%2Fcomments&post=8097"}],"version-history":[{"count":1,"href":"https:\/\/yurtbakisi.com\/index.php?rest_route=\/wp\/v2\/posts\/8097\/revisions"}],"predecessor-version":[{"id":8101,"href":"https:\/\/yurtbakisi.com\/index.php?rest_route=\/wp\/v2\/posts\/8097\/revisions\/8101"}],"wp:featuredmedia":[{"embeddable":true,"href":"https:\/\/yurtbakisi.com\/index.php?rest_route=\/wp\/v2\/media\/8098"}],"wp:attachment":[{"href":"https:\/\/yurtbakisi.com\/index.php?rest_route=%2Fwp%2Fv2%2Fmedia&parent=8097"}],"wp:term":[{"taxonomy":"category","embeddable":true,"href":"https:\/\/yurtbakisi.com\/index.php?rest_route=%2Fwp%2Fv2%2Fcategories&post=8097"},{"taxonomy":"post_tag","embeddable":true,"href":"https:\/\/yurtbakisi.com\/index.php?rest_route=%2Fwp%2Fv2%2Ftags&post=8097"},{"taxonomy":"yb_news_series","embeddable":true,"href":"https:\/\/yurtbakisi.com\/index.php?rest_route=%2Fwp%2Fv2%2Fyb_news_series&post=8097"},{"taxonomy":"yb_language","embeddable":true,"href":"https:\/\/yurtbakisi.com\/index.php?rest_route=%2Fwp%2Fv2%2Fyb_language&post=8097"}],"curies":[{"name":"wp","href":"https:\/\/api.w.org\/{rel}","templated":true}]}}