{"id":8100,"date":"2026-09-01T22:29:07","date_gmt":"2026-09-01T19:29:07","guid":{"rendered":"https:\/\/yurtbakisi.com\/?p=8100"},"modified":"2026-09-01T22:29:07","modified_gmt":"2026-09-01T19:29:07","slug":"sadakatsizin-gonuluydu-zayiflayan-gozde-seda-altunerin-son-hali-sasirtti-asiri-guzel-gorunuyor-cnn-turk","status":"publish","type":"post","link":"https:\/\/yurtbakisi.com\/?p=8100","title":{"rendered":"Sadakatsiz&#8217;in G\u00f6n\u00fcl&#8217;\u00fcyd\u00fc! Zay\u0131flayan G\u00f6zde Seda Altuner&#8217;in son hali \u015fa\u015f\u0131rtt\u0131! &#8216;A\u015f\u0131r\u0131 g\u00fczel g\u00f6r\u00fcn\u00fcyor&#8217; &#8211; CNN T\u00fcrk"},"content":{"rendered":"<div class=\"yb-imported-news-note\">\n<p>Sadakatsiz&#039;in G\u00f6n\u00fcl&#039;\u00fcyd\u00fc! Zay\u0131flayan G\u00f6zde Seda Altuner&#039;in son hali \u015fa\u015f\u0131rtt\u0131! &#039;A\u015f\u0131r\u0131 g\u00fczel g\u00f6r\u00fcn\u00fcyor&#039; CNN T\u00fcrk<\/p>\n<p><strong>Kaynak:<\/strong> Canl\u0131 Ak\u0131\u015f \u2014 Magazin \u2014 Ayr\u0131nt\u0131lar ve tam i\u00e7erik i\u00e7in <a href=\"https:\/\/news.google.com\/rss\/articles\/CBMi2AFBVV95cUxNRHJTUnd4bjk0VGxtdjAtUFpZS1VXbTBValJsbjRFRC1OMDhEcC1wb19sT2FueDhjQ0lWUnJQUVdSTW1JV2l6dEhZbUM3REJfc1hFdDV6WFZkdGUxLWJnaFlpNlhiTEpvVllwczRqdTJDQm5zaXJjemxlYmJSWERFemJ5dll0TXQ3cVF3LVJOMWNyRUl0LUdCb1ZGaHIzMmIxeWVOdnN0MExPVURVcUpJem03T3AxVGtTOVM4ZURza3dsNDFYM0ZhLUg4T2NINEt4a0ZPeWxONVI?oc=5\" target=\"_blank\" rel=\"nofollow noopener noreferrer\">\u00f6zg\u00fcn haberi a\u00e7\u0131n<\/a>.<\/p>\n<p><small>Bu kay\u0131t RSS haber havuzuna k\u0131sa kaynak \u00f6zeti olarak al\u0131nm\u0131\u015ft\u0131r; \u00f6zg\u00fcn metnin tamam\u0131 kopyalanmam\u0131\u015ft\u0131r.<\/small><\/p>\n<\/div>\n","protected":false},"excerpt":{"rendered":"<p>Sadakatsiz&#8217;in G\u00f6n\u00fcl&#8217;\u00fcyd\u00fc! Zay\u0131flayan G\u00f6zde Seda Altuner&#8217;in son hali \u015fa\u015f\u0131rtt\u0131! &#8216;A\u015f\u0131r\u0131 g\u00fczel g\u00f6r\u00fcn\u00fcyor&#8217; CNN T\u00fcrk<\/p>\n","protected":false},"author":1,"featured_media":0,"comment_status":"closed","ping_status":"closed","sticky":false,"template":"","format":"standard","meta":{"_yb_topic_hash":"d248ba25f3ddff981c0bf3627fb4e31171366f9474ddd230f568971f922545fe","_yb_image_repair_status":"","_yb_image_repair_last":"","_yb_image_repair_attempts":0,"_yb_source_trust_score":93,"footnotes":""},"categories":[15],"tags":[108],"yb_news_series":[],"yb_language":[],"class_list":["post-8100","post","type-post","status-publish","format-standard","has-post-thumbnail","hentry","category-magazin","tag-canli-akis-magazin"],"blocksy_meta":[],"_links":{"self":[{"href":"https:\/\/yurtbakisi.com\/index.php?rest_route=\/wp\/v2\/posts\/8100","targetHints":{"allow":["GET"]}}],"collection":[{"href":"https:\/\/yurtbakisi.com\/index.php?rest_route=\/wp\/v2\/posts"}],"about":[{"href":"https:\/\/yurtbakisi.com\/index.php?rest_route=\/wp\/v2\/types\/post"}],"author":[{"embeddable":true,"href":"https:\/\/yurtbakisi.com\/index.php?rest_route=\/wp\/v2\/users\/1"}],"replies":[{"embeddable":true,"href":"https:\/\/yurtbakisi.com\/index.php?rest_route=%2Fwp%2Fv2%2Fcomments&post=8100"}],"version-history":[{"count":0,"href":"https:\/\/yurtbakisi.com\/index.php?rest_route=\/wp\/v2\/posts\/8100\/revisions"}],"wp:attachment":[{"href":"https:\/\/yurtbakisi.com\/index.php?rest_route=%2Fwp%2Fv2%2Fmedia&parent=8100"}],"wp:term":[{"taxonomy":"category","embeddable":true,"href":"https:\/\/yurtbakisi.com\/index.php?rest_route=%2Fwp%2Fv2%2Fcategories&post=8100"},{"taxonomy":"post_tag","embeddable":true,"href":"https:\/\/yurtbakisi.com\/index.php?rest_route=%2Fwp%2Fv2%2Ftags&post=8100"},{"taxonomy":"yb_news_series","embeddable":true,"href":"https:\/\/yurtbakisi.com\/index.php?rest_route=%2Fwp%2Fv2%2Fyb_news_series&post=8100"},{"taxonomy":"yb_language","embeddable":true,"href":"https:\/\/yurtbakisi.com\/index.php?rest_route=%2Fwp%2Fv2%2Fyb_language&post=8100"}],"curies":[{"name":"wp","href":"https:\/\/api.w.org\/{rel}","templated":true}]}}