{"id":8108,"date":"2026-09-01T20:25:35","date_gmt":"2026-09-01T17:25:35","guid":{"rendered":"https:\/\/yurtbakisi.com\/?p=8108"},"modified":"2026-09-01T20:25:35","modified_gmt":"2026-09-01T17:25:35","slug":"urlada-ask-tazelediler-ata-demirer-ve-sevgilisi-dilara-alemdardan-romantik-kareler-milliyet","status":"publish","type":"post","link":"https:\/\/yurtbakisi.com\/?p=8108","title":{"rendered":"Urla&#8217;da a\u015fk tazelediler! Ata Demirer ve sevgilisi Dilara Alemdar&#8217;dan romantik kareler &#8211; Milliyet"},"content":{"rendered":"<div class=\"yb-imported-news-note\">\n<p>Urla&#039;da a\u015fk tazelediler! Ata Demirer ve sevgilisi Dilara Alemdar&#039;dan romantik kareler Milliyet<\/p>\n<p><strong>Kaynak:<\/strong> Canl\u0131 Ak\u0131\u015f \u2014 Magazin \u2014 Ayr\u0131nt\u0131lar ve tam i\u00e7erik i\u00e7in <a href=\"https:\/\/news.google.com\/rss\/articles\/CBMizgFBVV95cUxQZGtCRTkzRXZ1TmJwSXZodVZMVU1CZU5YMEdnbWViNmRkZ2ZXejBUR1BWcUVPdk9sem1oa2RMZ1FOTmc4cDFTaUVfWG1OaktxRXhOdkRXbnRhSkNob1VFMjJQSnJKYWQ4VnA0bUM0V2RLa18yQ3FnZDdqaHdVQm1mQjRGYUd0aVlMUy1TRVZnQ243MmdoYzFMN3ViUEtRRFNUVzhjV0RxNHFNaWQ0WE95SVo1YUhBX19tQk5RZjJqVlFtUlM0OVdVVWdPQW1QUQ?oc=5\" target=\"_blank\" rel=\"nofollow noopener noreferrer\">\u00f6zg\u00fcn haberi a\u00e7\u0131n<\/a>.<\/p>\n<p><small>Bu kay\u0131t RSS haber havuzuna k\u0131sa kaynak \u00f6zeti olarak al\u0131nm\u0131\u015ft\u0131r; \u00f6zg\u00fcn metnin tamam\u0131 kopyalanmam\u0131\u015ft\u0131r.<\/small><\/p>\n<\/div>\n","protected":false},"excerpt":{"rendered":"<p>Urla&#8217;da a\u015fk tazelediler! Ata Demirer ve sevgilisi Dilara Alemdar&#8217;dan romantik kareler Milliyet<\/p>\n","protected":false},"author":1,"featured_media":0,"comment_status":"closed","ping_status":"closed","sticky":false,"template":"","format":"standard","meta":{"_yb_topic_hash":"412be5a2b0ac9944524e9d86c70e1bb4ccc5e08421c0e0409f303a0e28354595","_yb_image_repair_status":"","_yb_image_repair_last":"","_yb_image_repair_attempts":0,"_yb_source_trust_score":93,"footnotes":""},"categories":[81,10,78,15],"tags":[108,130],"yb_news_series":[],"yb_language":[],"class_list":["post-8108","post","type-post","status-publish","format-standard","has-post-thumbnail","hentry","category-kitap","category-kultur-sanat","category-kultur-yasam","category-magazin","tag-canli-akis-magazin","tag-foto-galeri"],"blocksy_meta":[],"_links":{"self":[{"href":"https:\/\/yurtbakisi.com\/index.php?rest_route=\/wp\/v2\/posts\/8108","targetHints":{"allow":["GET"]}}],"collection":[{"href":"https:\/\/yurtbakisi.com\/index.php?rest_route=\/wp\/v2\/posts"}],"about":[{"href":"https:\/\/yurtbakisi.com\/index.php?rest_route=\/wp\/v2\/types\/post"}],"author":[{"embeddable":true,"href":"https:\/\/yurtbakisi.com\/index.php?rest_route=\/wp\/v2\/users\/1"}],"replies":[{"embeddable":true,"href":"https:\/\/yurtbakisi.com\/index.php?rest_route=%2Fwp%2Fv2%2Fcomments&post=8108"}],"version-history":[{"count":0,"href":"https:\/\/yurtbakisi.com\/index.php?rest_route=\/wp\/v2\/posts\/8108\/revisions"}],"wp:attachment":[{"href":"https:\/\/yurtbakisi.com\/index.php?rest_route=%2Fwp%2Fv2%2Fmedia&parent=8108"}],"wp:term":[{"taxonomy":"category","embeddable":true,"href":"https:\/\/yurtbakisi.com\/index.php?rest_route=%2Fwp%2Fv2%2Fcategories&post=8108"},{"taxonomy":"post_tag","embeddable":true,"href":"https:\/\/yurtbakisi.com\/index.php?rest_route=%2Fwp%2Fv2%2Ftags&post=8108"},{"taxonomy":"yb_news_series","embeddable":true,"href":"https:\/\/yurtbakisi.com\/index.php?rest_route=%2Fwp%2Fv2%2Fyb_news_series&post=8108"},{"taxonomy":"yb_language","embeddable":true,"href":"https:\/\/yurtbakisi.com\/index.php?rest_route=%2Fwp%2Fv2%2Fyb_language&post=8108"}],"curies":[{"name":"wp","href":"https:\/\/api.w.org\/{rel}","templated":true}]}}