{"id":8109,"date":"2026-09-01T22:56:08","date_gmt":"2026-09-01T19:56:08","guid":{"rendered":"https:\/\/yurtbakisi.com\/?p=8109"},"modified":"2026-09-01T22:56:08","modified_gmt":"2026-09-01T19:56:08","slug":"dorduncu-kez-anne-oldu-iste-atiye-ve-minik-kizi-imanyden-ilk-kare-milliyet","status":"publish","type":"post","link":"https:\/\/yurtbakisi.com\/?p=8109","title":{"rendered":"D\u00f6rd\u00fcnc\u00fc kez anne oldu! \u0130\u015fte Atiye ve minik k\u0131z\u0131 Imany&#8217;den ilk kare &#8211; Milliyet"},"content":{"rendered":"<div class=\"yb-imported-news-note\">\n<p>D\u00f6rd\u00fcnc\u00fc kez anne oldu! \u0130\u015fte Atiye ve minik k\u0131z\u0131 Imany&#039;den ilk kare Milliyet<\/p>\n<p><strong>Kaynak:<\/strong> Canl\u0131 Ak\u0131\u015f \u2014 Magazin \u2014 Ayr\u0131nt\u0131lar ve tam i\u00e7erik i\u00e7in <a href=\"https:\/\/news.google.com\/rss\/articles\/CBMitwFBVV95cUxPaUlZT2tRUzQ4UjNDdnhqT2RObnN0RS1wSEc5MVlSSlQydlFtaXcwZDU0cl9sMjE5c1hER01CSFU0WmE5SjBhdWE4Wl9UanpxcEJOV1JvVFh4RFZYY2VieFNOQ3o3TkRncEJTSzdhVzhIekVBNDRPTGlfck8wN3N5S2lfTndxdnVKSTdVZDEyMzhrU2pzWmdsTnpsYUN6WTd6cHhhNlMtTzhtQmRORE5uRGdremlUbHM?oc=5\" target=\"_blank\" rel=\"nofollow noopener noreferrer\">\u00f6zg\u00fcn haberi a\u00e7\u0131n<\/a>.<\/p>\n<p><small>Bu kay\u0131t RSS haber havuzuna k\u0131sa kaynak \u00f6zeti olarak al\u0131nm\u0131\u015ft\u0131r; \u00f6zg\u00fcn metnin tamam\u0131 kopyalanmam\u0131\u015ft\u0131r.<\/small><\/p>\n<\/div>\n","protected":false},"excerpt":{"rendered":"<p>D\u00f6rd\u00fcnc\u00fc kez anne oldu! \u0130\u015fte Atiye ve minik k\u0131z\u0131 Imany&#8217;den ilk kare Milliyet<\/p>\n","protected":false},"author":1,"featured_media":0,"comment_status":"closed","ping_status":"closed","sticky":false,"template":"","format":"standard","meta":{"_yb_topic_hash":"26ad248457cc935fc21ac77615ed4d72b20d4c1e1f874e7c31af66c6275376ca","_yb_image_repair_status":"","_yb_image_repair_last":"","_yb_image_repair_attempts":0,"_yb_source_trust_score":93,"footnotes":""},"categories":[15],"tags":[108],"yb_news_series":[],"yb_language":[],"class_list":["post-8109","post","type-post","status-publish","format-standard","has-post-thumbnail","hentry","category-magazin","tag-canli-akis-magazin"],"blocksy_meta":[],"_links":{"self":[{"href":"https:\/\/yurtbakisi.com\/index.php?rest_route=\/wp\/v2\/posts\/8109","targetHints":{"allow":["GET"]}}],"collection":[{"href":"https:\/\/yurtbakisi.com\/index.php?rest_route=\/wp\/v2\/posts"}],"about":[{"href":"https:\/\/yurtbakisi.com\/index.php?rest_route=\/wp\/v2\/types\/post"}],"author":[{"embeddable":true,"href":"https:\/\/yurtbakisi.com\/index.php?rest_route=\/wp\/v2\/users\/1"}],"replies":[{"embeddable":true,"href":"https:\/\/yurtbakisi.com\/index.php?rest_route=%2Fwp%2Fv2%2Fcomments&post=8109"}],"version-history":[{"count":0,"href":"https:\/\/yurtbakisi.com\/index.php?rest_route=\/wp\/v2\/posts\/8109\/revisions"}],"wp:attachment":[{"href":"https:\/\/yurtbakisi.com\/index.php?rest_route=%2Fwp%2Fv2%2Fmedia&parent=8109"}],"wp:term":[{"taxonomy":"category","embeddable":true,"href":"https:\/\/yurtbakisi.com\/index.php?rest_route=%2Fwp%2Fv2%2Fcategories&post=8109"},{"taxonomy":"post_tag","embeddable":true,"href":"https:\/\/yurtbakisi.com\/index.php?rest_route=%2Fwp%2Fv2%2Ftags&post=8109"},{"taxonomy":"yb_news_series","embeddable":true,"href":"https:\/\/yurtbakisi.com\/index.php?rest_route=%2Fwp%2Fv2%2Fyb_news_series&post=8109"},{"taxonomy":"yb_language","embeddable":true,"href":"https:\/\/yurtbakisi.com\/index.php?rest_route=%2Fwp%2Fv2%2Fyb_language&post=8109"}],"curies":[{"name":"wp","href":"https:\/\/api.w.org\/{rel}","templated":true}]}}