{"id":8110,"date":"2026-09-01T22:43:00","date_gmt":"2026-09-01T19:43:00","guid":{"rendered":"https:\/\/yurtbakisi.com\/?p=8110"},"modified":"2026-09-01T22:43:00","modified_gmt":"2026-09-01T19:43:00","slug":"4-kez-anne-olan-atiyeden-minik-kizi-imanyle-ilk-paylasim-goren-ayni-seyi-soyledi-allah-anali-babali-buyutsun-cnn-turk","status":"publish","type":"post","link":"https:\/\/yurtbakisi.com\/?p=8110","title":{"rendered":"4. kez anne olan Atiye&#8217;den minik k\u0131z\u0131 \u0130many&#8217;le ilk payla\u015f\u0131m! G\u00f6ren ayn\u0131 \u015feyi s\u00f6yledi: &#8216;Allah anal\u0131 babal\u0131 b\u00fcy\u00fcts\u00fcn&#8217; &#8211; CNN T\u00fcrk"},"content":{"rendered":"<div class=\"yb-imported-news-note\">\n<p>4. kez anne olan Atiye&#039;den minik k\u0131z\u0131 \u0130many&#039;le ilk payla\u015f\u0131m! G\u00f6ren ayn\u0131 \u015feyi s\u00f6yledi: &#039;Allah anal\u0131 babal\u0131 b\u00fcy\u00fcts\u00fcn&#039; CNN T\u00fcrk<\/p>\n<p><strong>Kaynak:<\/strong> Canl\u0131 Ak\u0131\u015f \u2014 Magazin \u2014 Ayr\u0131nt\u0131lar ve tam i\u00e7erik i\u00e7in <a href=\"https:\/\/news.google.com\/rss\/articles\/CBMi6wFBVV95cUxPMEphcE1WdE9OMURWbzJia1JNZG03WFcxR0pESG95dURGTmlIQXd6UU8xaU54T1dJZ0tFbXl0WFJJbEQ5UV9YOGVQVU5GOUhpcExCcmdlYmlVZ1JXMG12Z2t0UWxFaHdRdXZIOHdheW43azFSTnhGYVVUQ1cyQ2RaR2VfV2RNeTlWUXJBVkVNdDdDa0tTYkwzOVZHLUtnZ3FNMkJBbzhjZWdpNjJJM0VRNUZUWEw5VFpqWnBETzc1dGxFLWsxT3YtUEZZUTFvNThMWUoyMDl2T3VuRGNfeTZtQlVoR1hDSC1RTTc0?oc=5\" target=\"_blank\" rel=\"nofollow noopener noreferrer\">\u00f6zg\u00fcn haberi a\u00e7\u0131n<\/a>.<\/p>\n<p><small>Bu kay\u0131t RSS haber havuzuna k\u0131sa kaynak \u00f6zeti olarak al\u0131nm\u0131\u015ft\u0131r; \u00f6zg\u00fcn metnin tamam\u0131 kopyalanmam\u0131\u015ft\u0131r.<\/small><\/p>\n<\/div>\n","protected":false},"excerpt":{"rendered":"<p>4. kez anne olan Atiye&#8217;den minik k\u0131z\u0131 \u0130many&#8217;le ilk payla\u015f\u0131m! G\u00f6ren ayn\u0131 \u015feyi s\u00f6yledi: &#8216;Allah anal\u0131 babal\u0131 b\u00fcy\u00fcts\u00fcn&#8217; CNN T\u00fcrk<\/p>\n","protected":false},"author":1,"featured_media":0,"comment_status":"closed","ping_status":"closed","sticky":false,"template":"","format":"standard","meta":{"_yb_topic_hash":"6894dd3f3e22ade535f63ab9b439982a41cca14856a524b0a1430160a45b97c1","_yb_image_repair_status":"failed","_yb_image_repair_last":"2026-09-02 02:55:33","_yb_image_repair_attempts":1,"_yb_source_trust_score":93,"footnotes":""},"categories":[15],"tags":[108],"yb_news_series":[],"yb_language":[],"class_list":["post-8110","post","type-post","status-publish","format-standard","has-post-thumbnail","hentry","category-magazin","tag-canli-akis-magazin"],"blocksy_meta":[],"_links":{"self":[{"href":"https:\/\/yurtbakisi.com\/index.php?rest_route=\/wp\/v2\/posts\/8110","targetHints":{"allow":["GET"]}}],"collection":[{"href":"https:\/\/yurtbakisi.com\/index.php?rest_route=\/wp\/v2\/posts"}],"about":[{"href":"https:\/\/yurtbakisi.com\/index.php?rest_route=\/wp\/v2\/types\/post"}],"author":[{"embeddable":true,"href":"https:\/\/yurtbakisi.com\/index.php?rest_route=\/wp\/v2\/users\/1"}],"replies":[{"embeddable":true,"href":"https:\/\/yurtbakisi.com\/index.php?rest_route=%2Fwp%2Fv2%2Fcomments&post=8110"}],"version-history":[{"count":0,"href":"https:\/\/yurtbakisi.com\/index.php?rest_route=\/wp\/v2\/posts\/8110\/revisions"}],"wp:attachment":[{"href":"https:\/\/yurtbakisi.com\/index.php?rest_route=%2Fwp%2Fv2%2Fmedia&parent=8110"}],"wp:term":[{"taxonomy":"category","embeddable":true,"href":"https:\/\/yurtbakisi.com\/index.php?rest_route=%2Fwp%2Fv2%2Fcategories&post=8110"},{"taxonomy":"post_tag","embeddable":true,"href":"https:\/\/yurtbakisi.com\/index.php?rest_route=%2Fwp%2Fv2%2Ftags&post=8110"},{"taxonomy":"yb_news_series","embeddable":true,"href":"https:\/\/yurtbakisi.com\/index.php?rest_route=%2Fwp%2Fv2%2Fyb_news_series&post=8110"},{"taxonomy":"yb_language","embeddable":true,"href":"https:\/\/yurtbakisi.com\/index.php?rest_route=%2Fwp%2Fv2%2Fyb_language&post=8110"}],"curies":[{"name":"wp","href":"https:\/\/api.w.org\/{rel}","templated":true}]}}