{"id":8114,"date":"2026-09-02T00:57:52","date_gmt":"2026-09-01T21:57:52","guid":{"rendered":"https:\/\/yurtbakisi.com\/?p=8114"},"modified":"2026-09-02T00:57:59","modified_gmt":"2026-09-01T21:57:59","slug":"cumhurbaskani-erdogan-kirgizistandan-ayrildi","status":"publish","type":"post","link":"https:\/\/yurtbakisi.com\/?p=8114","title":{"rendered":"Cumhurba\u015fkan\u0131 Erdo\u011fan K\u0131rg\u0131zistan&#039;dan ayr\u0131ld\u0131"},"content":{"rendered":"<p>Cumhurba\u015fkan\u0131 Recep Tayyip Erdo\u011fan, \u015eanghay \u0130\u015fbirli\u011fi \u00d6rg\u00fct\u00fc (\u015e\u0130\u00d6) Devlet Ba\u015fkanlar\u0131 Zirvesi kapsam\u0131ndaki temaslar\u0131n\u0131 tamamlamas\u0131n\u0131n ard\u0131ndan K\u0131rg\u0131zistan&#039;\u0131n ba\u015fkenti Bi\u015fkek&#039;ten ayr\u0131ld\u0131.<\/p>\n<p><strong>Kaynak:<\/strong> TRT Haber \u2014 <a href=\"https:\/\/www.trthaber.com\/haber\/gundem\/cumhurbaskani-erdogan-kirgizistandan-ayrildi-955586.html\" target=\"_blank\" rel=\"nofollow noopener\">Haberin devam\u0131n\u0131 \u00f6zg\u00fcn kayna\u011f\u0131nda oku<\/a><\/p>\n","protected":false},"excerpt":{"rendered":"<p>Cumhurba\u015fkan\u0131 Recep Tayyip Erdo\u011fan, \u015eanghay \u0130\u015fbirli\u011fi \u00d6rg\u00fct\u00fc (\u015e\u0130\u00d6) Devlet Ba\u015fkanlar\u0131 Zirvesi kapsam\u0131ndaki temaslar\u0131n\u0131 tamamlamas\u0131n\u0131n ard\u0131ndan K\u0131rg\u0131zistan&#8217;\u0131n ba\u015fkenti Bi\u015fkek&#8217;ten ayr\u0131ld\u0131.<\/p>\n","protected":false},"author":0,"featured_media":8115,"comment_status":"closed","ping_status":"closed","sticky":false,"template":"","format":"standard","meta":{"_yb_topic_hash":"f5290dfd4ad02f65dfe6bc8ac567636413a6956d3ccad3f6a1a42214ec87c3bb","_yb_image_repair_status":"","_yb_image_repair_last":"","_yb_image_repair_attempts":0,"_yb_source_trust_score":0,"footnotes":""},"categories":[153],"tags":[],"yb_news_series":[],"yb_language":[],"class_list":["post-8114","post","type-post","status-publish","format-standard","has-post-thumbnail","hentry","category-gundem"],"blocksy_meta":[],"_links":{"self":[{"href":"https:\/\/yurtbakisi.com\/index.php?rest_route=\/wp\/v2\/posts\/8114","targetHints":{"allow":["GET"]}}],"collection":[{"href":"https:\/\/yurtbakisi.com\/index.php?rest_route=\/wp\/v2\/posts"}],"about":[{"href":"https:\/\/yurtbakisi.com\/index.php?rest_route=\/wp\/v2\/types\/post"}],"replies":[{"embeddable":true,"href":"https:\/\/yurtbakisi.com\/index.php?rest_route=%2Fwp%2Fv2%2Fcomments&post=8114"}],"version-history":[{"count":1,"href":"https:\/\/yurtbakisi.com\/index.php?rest_route=\/wp\/v2\/posts\/8114\/revisions"}],"predecessor-version":[{"id":8116,"href":"https:\/\/yurtbakisi.com\/index.php?rest_route=\/wp\/v2\/posts\/8114\/revisions\/8116"}],"wp:featuredmedia":[{"embeddable":true,"href":"https:\/\/yurtbakisi.com\/index.php?rest_route=\/wp\/v2\/media\/8115"}],"wp:attachment":[{"href":"https:\/\/yurtbakisi.com\/index.php?rest_route=%2Fwp%2Fv2%2Fmedia&parent=8114"}],"wp:term":[{"taxonomy":"category","embeddable":true,"href":"https:\/\/yurtbakisi.com\/index.php?rest_route=%2Fwp%2Fv2%2Fcategories&post=8114"},{"taxonomy":"post_tag","embeddable":true,"href":"https:\/\/yurtbakisi.com\/index.php?rest_route=%2Fwp%2Fv2%2Ftags&post=8114"},{"taxonomy":"yb_news_series","embeddable":true,"href":"https:\/\/yurtbakisi.com\/index.php?rest_route=%2Fwp%2Fv2%2Fyb_news_series&post=8114"},{"taxonomy":"yb_language","embeddable":true,"href":"https:\/\/yurtbakisi.com\/index.php?rest_route=%2Fwp%2Fv2%2Fyb_language&post=8114"}],"curies":[{"name":"wp","href":"https:\/\/api.w.org\/{rel}","templated":true}]}}