{"id":8123,"date":"2026-09-02T00:58:32","date_gmt":"2026-09-01T21:58:32","guid":{"rendered":"https:\/\/yurtbakisi.com\/?p=8123"},"modified":"2026-09-02T00:58:38","modified_gmt":"2026-09-01T21:58:38","slug":"bakan-tekin-okul-guvenligini-egitimin-asli-sartlarindan-birisi-olarak-goruyoruz","status":"publish","type":"post","link":"https:\/\/yurtbakisi.com\/?p=8123","title":{"rendered":"Bakan Tekin: Okul g\u00fcvenli\u011fini e\u011fitimin asli \u015fartlar\u0131ndan birisi olarak g\u00f6r\u00fcyoruz"},"content":{"rendered":"<p>Milli E\u011fitim Bakan\u0131 Yusuf Tekin, &quot;\u00d6\u011fretmenin s\u0131n\u0131f\u0131na b\u00fct\u00fcn dikkatini verebilmesi de mesle\u011fini huzur i\u00e7inde icra edebilece\u011fi bir \u00e7al\u0131\u015fma ortam\u0131na ba\u011fl\u0131d\u0131r. Bu sebeple okulun g\u00fcvenli\u011fini, e\u011fitimin asli \u015fartlar\u0131ndan birisi olarak g\u00f6r\u00fcyoruz&quot; dedi.<\/p>\n<p><strong>Kaynak:<\/strong> TRT Haber \u2014 <a href=\"https:\/\/www.trthaber.com\/haber\/egitim\/bakan-tekin-okul-guvenligini-egitimin-asli-sartlarindan-birisi-olarak-goruyoruz-955529.html\" target=\"_blank\" rel=\"nofollow noopener\">Haberin devam\u0131n\u0131 \u00f6zg\u00fcn kayna\u011f\u0131nda oku<\/a><\/p>\n","protected":false},"excerpt":{"rendered":"<p>Milli E\u011fitim Bakan\u0131 Yusuf Tekin, &#8220;\u00d6\u011fretmenin s\u0131n\u0131f\u0131na b\u00fct\u00fcn dikkatini verebilmesi de mesle\u011fini huzur i\u00e7inde icra edebilece\u011fi bir \u00e7al\u0131\u015fma ortam\u0131na ba\u011fl\u0131d\u0131r. Bu sebeple okulun g\u00fcvenli\u011fini, e\u011fitimin asli \u015fartlar\u0131ndan birisi olarak g\u00f6r\u00fcyoruz&#8221; dedi.<\/p>\n","protected":false},"author":0,"featured_media":8124,"comment_status":"closed","ping_status":"closed","sticky":false,"template":"","format":"standard","meta":{"_yb_topic_hash":"eb03bc349f8c0e5f2fe6e0f2fb9ec00edd96a8b318fccc2abeeeeb47cd398d0c","_yb_image_repair_status":"","_yb_image_repair_last":"","_yb_image_repair_attempts":0,"_yb_source_trust_score":0,"footnotes":""},"categories":[157],"tags":[],"yb_news_series":[],"yb_language":[],"class_list":["post-8123","post","type-post","status-publish","format-standard","has-post-thumbnail","hentry","category-egitim"],"blocksy_meta":[],"_links":{"self":[{"href":"https:\/\/yurtbakisi.com\/index.php?rest_route=\/wp\/v2\/posts\/8123","targetHints":{"allow":["GET"]}}],"collection":[{"href":"https:\/\/yurtbakisi.com\/index.php?rest_route=\/wp\/v2\/posts"}],"about":[{"href":"https:\/\/yurtbakisi.com\/index.php?rest_route=\/wp\/v2\/types\/post"}],"replies":[{"embeddable":true,"href":"https:\/\/yurtbakisi.com\/index.php?rest_route=%2Fwp%2Fv2%2Fcomments&post=8123"}],"version-history":[{"count":1,"href":"https:\/\/yurtbakisi.com\/index.php?rest_route=\/wp\/v2\/posts\/8123\/revisions"}],"predecessor-version":[{"id":8125,"href":"https:\/\/yurtbakisi.com\/index.php?rest_route=\/wp\/v2\/posts\/8123\/revisions\/8125"}],"wp:featuredmedia":[{"embeddable":true,"href":"https:\/\/yurtbakisi.com\/index.php?rest_route=\/wp\/v2\/media\/8124"}],"wp:attachment":[{"href":"https:\/\/yurtbakisi.com\/index.php?rest_route=%2Fwp%2Fv2%2Fmedia&parent=8123"}],"wp:term":[{"taxonomy":"category","embeddable":true,"href":"https:\/\/yurtbakisi.com\/index.php?rest_route=%2Fwp%2Fv2%2Fcategories&post=8123"},{"taxonomy":"post_tag","embeddable":true,"href":"https:\/\/yurtbakisi.com\/index.php?rest_route=%2Fwp%2Fv2%2Ftags&post=8123"},{"taxonomy":"yb_news_series","embeddable":true,"href":"https:\/\/yurtbakisi.com\/index.php?rest_route=%2Fwp%2Fv2%2Fyb_news_series&post=8123"},{"taxonomy":"yb_language","embeddable":true,"href":"https:\/\/yurtbakisi.com\/index.php?rest_route=%2Fwp%2Fv2%2Fyb_language&post=8123"}],"curies":[{"name":"wp","href":"https:\/\/api.w.org\/{rel}","templated":true}]}}