{"id":8126,"date":"2026-09-02T01:00:32","date_gmt":"2026-09-01T22:00:32","guid":{"rendered":"https:\/\/yurtbakisi.com\/?p=8126"},"modified":"2026-09-02T01:00:40","modified_gmt":"2026-09-01T22:00:40","slug":"trabzonsporda-fatih-tekke-ile-yollar-ayrildi","status":"publish","type":"post","link":"https:\/\/yurtbakisi.com\/?p=8126","title":{"rendered":"Trabzonspor&#039;da Fatih Tekke ile yollar ayr\u0131ld\u0131"},"content":{"rendered":"<p>Trabzonspor Kul\u00fcb\u00fc, teknik direkt\u00f6r Fatih Tekke ile yollar\u0131n ayr\u0131ld\u0131\u011f\u0131n\u0131 a\u00e7\u0131klad\u0131.<\/p>\n<p><strong>Kaynak:<\/strong> TRT Haber \u2014 <a href=\"https:\/\/www.trthaber.com\/haber\/spor\/trabzonsporda-fatih-tekke-ile-yollar-ayrildi-955579.html\" target=\"_blank\" rel=\"nofollow noopener\">Haberin devam\u0131n\u0131 \u00f6zg\u00fcn kayna\u011f\u0131nda oku<\/a><\/p>\n","protected":false},"excerpt":{"rendered":"<p>Trabzonspor Kul\u00fcb\u00fc, teknik direkt\u00f6r Fatih Tekke ile yollar\u0131n ayr\u0131ld\u0131\u011f\u0131n\u0131 a\u00e7\u0131klad\u0131.<\/p>\n","protected":false},"author":0,"featured_media":8127,"comment_status":"closed","ping_status":"closed","sticky":false,"template":"","format":"standard","meta":{"_yb_topic_hash":"8c6c104fe1902be4479f1ef18eed15cd6f4b2fb8a2e72535efe3e43cd68db0c9","_yb_image_repair_status":"","_yb_image_repair_last":"","_yb_image_repair_attempts":0,"_yb_source_trust_score":0,"footnotes":""},"categories":[161],"tags":[],"yb_news_series":[],"yb_language":[],"class_list":["post-8126","post","type-post","status-publish","format-standard","has-post-thumbnail","hentry","category-spor"],"blocksy_meta":[],"_links":{"self":[{"href":"https:\/\/yurtbakisi.com\/index.php?rest_route=\/wp\/v2\/posts\/8126","targetHints":{"allow":["GET"]}}],"collection":[{"href":"https:\/\/yurtbakisi.com\/index.php?rest_route=\/wp\/v2\/posts"}],"about":[{"href":"https:\/\/yurtbakisi.com\/index.php?rest_route=\/wp\/v2\/types\/post"}],"replies":[{"embeddable":true,"href":"https:\/\/yurtbakisi.com\/index.php?rest_route=%2Fwp%2Fv2%2Fcomments&post=8126"}],"version-history":[{"count":1,"href":"https:\/\/yurtbakisi.com\/index.php?rest_route=\/wp\/v2\/posts\/8126\/revisions"}],"predecessor-version":[{"id":8128,"href":"https:\/\/yurtbakisi.com\/index.php?rest_route=\/wp\/v2\/posts\/8126\/revisions\/8128"}],"wp:featuredmedia":[{"embeddable":true,"href":"https:\/\/yurtbakisi.com\/index.php?rest_route=\/wp\/v2\/media\/8127"}],"wp:attachment":[{"href":"https:\/\/yurtbakisi.com\/index.php?rest_route=%2Fwp%2Fv2%2Fmedia&parent=8126"}],"wp:term":[{"taxonomy":"category","embeddable":true,"href":"https:\/\/yurtbakisi.com\/index.php?rest_route=%2Fwp%2Fv2%2Fcategories&post=8126"},{"taxonomy":"post_tag","embeddable":true,"href":"https:\/\/yurtbakisi.com\/index.php?rest_route=%2Fwp%2Fv2%2Ftags&post=8126"},{"taxonomy":"yb_news_series","embeddable":true,"href":"https:\/\/yurtbakisi.com\/index.php?rest_route=%2Fwp%2Fv2%2Fyb_news_series&post=8126"},{"taxonomy":"yb_language","embeddable":true,"href":"https:\/\/yurtbakisi.com\/index.php?rest_route=%2Fwp%2Fv2%2Fyb_language&post=8126"}],"curies":[{"name":"wp","href":"https:\/\/api.w.org\/{rel}","templated":true}]}}