{"id":8135,"date":"2026-09-02T01:01:16","date_gmt":"2026-09-01T22:01:16","guid":{"rendered":"https:\/\/yurtbakisi.com\/?p=8135"},"modified":"2026-09-02T01:01:21","modified_gmt":"2026-09-01T22:01:21","slug":"turkiye-israilin-gazzedeki-katliamlarina-iliskin-ek-deliller-sunacak","status":"publish","type":"post","link":"https:\/\/yurtbakisi.com\/?p=8135","title":{"rendered":"T\u00fcrkiye, \u0130srail&#039;in Gazze&#039;deki katliamlar\u0131na ili\u015fkin ek deliller sunacak"},"content":{"rendered":"<p>\u0130srail\u2019in cezas\u0131z kalan Gazze\u2019deki katliamlar\u0131na kar\u015f\u0131 T\u00fcrkiye\u2019den tarihi bir hamle geldi. \u0130stanbul 2 Nolu Barosu, Gazze\u2019de \u0130srail\u2019in kad\u0131n ve \u00e7ocuk katliamlar\u0131na ili\u015fkin haz\u0131rlad\u0131\u011f\u0131 ek delilleri Uluslararas\u0131 Ceza Mahkemesine sunacak.<\/p>\n<p><strong>Kaynak:<\/strong> TRT Haber \u2014 <a href=\"https:\/\/www.trthaber.com\/haber\/gundem\/turkiye-israilin-gazzedeki-katliamlarina-iliskin-ek-deliller-sunacak-955584.html\" target=\"_blank\" rel=\"nofollow noopener\">Haberin devam\u0131n\u0131 \u00f6zg\u00fcn kayna\u011f\u0131nda oku<\/a><\/p>\n","protected":false},"excerpt":{"rendered":"<p>\u0130srail\u2019in cezas\u0131z kalan Gazze\u2019deki katliamlar\u0131na kar\u015f\u0131 T\u00fcrkiye\u2019den tarihi bir hamle geldi. \u0130stanbul 2 Nolu Barosu, Gazze\u2019de \u0130srail\u2019in kad\u0131n ve \u00e7ocuk katliamlar\u0131na ili\u015fkin haz\u0131rlad\u0131\u011f\u0131 ek delilleri Uluslararas\u0131 Ceza Mahkemesine sunacak.<\/p>\n","protected":false},"author":0,"featured_media":8136,"comment_status":"closed","ping_status":"closed","sticky":false,"template":"","format":"standard","meta":{"_yb_topic_hash":"e7bbbe3a20765afa909dbdc240f2075fa7030534a5ee94c4d84f3db1f110ad75","_yb_image_repair_status":"","_yb_image_repair_last":"","_yb_image_repair_attempts":0,"_yb_source_trust_score":0,"footnotes":""},"categories":[153],"tags":[],"yb_news_series":[],"yb_language":[],"class_list":["post-8135","post","type-post","status-publish","format-standard","has-post-thumbnail","hentry","category-gundem"],"blocksy_meta":[],"_links":{"self":[{"href":"https:\/\/yurtbakisi.com\/index.php?rest_route=\/wp\/v2\/posts\/8135","targetHints":{"allow":["GET"]}}],"collection":[{"href":"https:\/\/yurtbakisi.com\/index.php?rest_route=\/wp\/v2\/posts"}],"about":[{"href":"https:\/\/yurtbakisi.com\/index.php?rest_route=\/wp\/v2\/types\/post"}],"replies":[{"embeddable":true,"href":"https:\/\/yurtbakisi.com\/index.php?rest_route=%2Fwp%2Fv2%2Fcomments&post=8135"}],"version-history":[{"count":1,"href":"https:\/\/yurtbakisi.com\/index.php?rest_route=\/wp\/v2\/posts\/8135\/revisions"}],"predecessor-version":[{"id":8137,"href":"https:\/\/yurtbakisi.com\/index.php?rest_route=\/wp\/v2\/posts\/8135\/revisions\/8137"}],"wp:featuredmedia":[{"embeddable":true,"href":"https:\/\/yurtbakisi.com\/index.php?rest_route=\/wp\/v2\/media\/8136"}],"wp:attachment":[{"href":"https:\/\/yurtbakisi.com\/index.php?rest_route=%2Fwp%2Fv2%2Fmedia&parent=8135"}],"wp:term":[{"taxonomy":"category","embeddable":true,"href":"https:\/\/yurtbakisi.com\/index.php?rest_route=%2Fwp%2Fv2%2Fcategories&post=8135"},{"taxonomy":"post_tag","embeddable":true,"href":"https:\/\/yurtbakisi.com\/index.php?rest_route=%2Fwp%2Fv2%2Ftags&post=8135"},{"taxonomy":"yb_news_series","embeddable":true,"href":"https:\/\/yurtbakisi.com\/index.php?rest_route=%2Fwp%2Fv2%2Fyb_news_series&post=8135"},{"taxonomy":"yb_language","embeddable":true,"href":"https:\/\/yurtbakisi.com\/index.php?rest_route=%2Fwp%2Fv2%2Fyb_language&post=8135"}],"curies":[{"name":"wp","href":"https:\/\/api.w.org\/{rel}","templated":true}]}}