{"id":8138,"date":"2026-09-01T22:20:00","date_gmt":"2026-09-01T19:20:00","guid":{"rendered":"https:\/\/yurtbakisi.com\/?p=8138"},"modified":"2026-09-01T22:20:00","modified_gmt":"2026-09-01T19:20:00","slug":"sinan-akcildan-ferhat-gocere-buyuk-sok-bakin-nasil-gozdagi-verdi-cnn-turk","status":"publish","type":"post","link":"https:\/\/yurtbakisi.com\/?p=8138","title":{"rendered":"S\u0130NAN AK\u00c7IL&#8217;DAN FERHAT G\u00d6\u00c7ER&#8217;E B\u00dcY\u00dcK \u015eOK! Bak\u0131n nas\u0131l g\u00f6zda\u011f\u0131 verdi&#8230; &#8211; CNN T\u00fcrk"},"content":{"rendered":"<div class=\"yb-imported-news-note\">\n<p>S\u0130NAN AK\u00c7IL&#039;DAN FERHAT G\u00d6\u00c7ER&#039;E B\u00dcY\u00dcK \u015eOK! Bak\u0131n nas\u0131l g\u00f6zda\u011f\u0131 verdi&#8230; CNN T\u00fcrk<\/p>\n<p><strong>Kaynak:<\/strong> Canl\u0131 Ak\u0131\u015f \u2014 Magazin \u2014 Ayr\u0131nt\u0131lar ve tam i\u00e7erik i\u00e7in <a href=\"https:\/\/news.google.com\/rss\/articles\/CBMisAFBVV95cUxPMHhqcllBa3QwZy1TVzhOaXRHREllLUtISFhMTVdodmtUSlpZU3lHRnpzWmtxdllUc01CbXJsU2lISGdYVWZndHdHcXgzUUVkUHdqam9scHplN0NQcXBEbUh4WGNyRUlsTEpHVm1HZ1JXemNDLTlENGFjU21hTi12clJCRVpqMVRJMUJtMzNNcUdqdzliYUw4NjNfQzBXb2ZwX1J6aFU2MFdRal8tYURUZg?oc=5\" target=\"_blank\" rel=\"nofollow noopener noreferrer\">\u00f6zg\u00fcn haberi a\u00e7\u0131n<\/a>.<\/p>\n<p><small>Bu kay\u0131t RSS haber havuzuna k\u0131sa kaynak \u00f6zeti olarak al\u0131nm\u0131\u015ft\u0131r; \u00f6zg\u00fcn metnin tamam\u0131 kopyalanmam\u0131\u015ft\u0131r.<\/small><\/p>\n<\/div>\n","protected":false},"excerpt":{"rendered":"<p>S\u0130NAN AK\u00c7IL&#8217;DAN FERHAT G\u00d6\u00c7ER&#8217;E B\u00dcY\u00dcK \u015eOK! Bak\u0131n nas\u0131l g\u00f6zda\u011f\u0131 verdi&#8230; CNN T\u00fcrk<\/p>\n","protected":false},"author":1,"featured_media":0,"comment_status":"closed","ping_status":"closed","sticky":false,"template":"","format":"standard","meta":{"_yb_topic_hash":"7fd48e40c14494cf9b8fcba58eaf1b2eef1f81ced33d7fd60f52672611d4b8ec","_yb_image_repair_status":"","_yb_image_repair_last":"","_yb_image_repair_attempts":0,"_yb_source_trust_score":93,"footnotes":""},"categories":[15],"tags":[108],"yb_news_series":[],"yb_language":[],"class_list":["post-8138","post","type-post","status-publish","format-standard","has-post-thumbnail","hentry","category-magazin","tag-canli-akis-magazin"],"blocksy_meta":[],"_links":{"self":[{"href":"https:\/\/yurtbakisi.com\/index.php?rest_route=\/wp\/v2\/posts\/8138","targetHints":{"allow":["GET"]}}],"collection":[{"href":"https:\/\/yurtbakisi.com\/index.php?rest_route=\/wp\/v2\/posts"}],"about":[{"href":"https:\/\/yurtbakisi.com\/index.php?rest_route=\/wp\/v2\/types\/post"}],"author":[{"embeddable":true,"href":"https:\/\/yurtbakisi.com\/index.php?rest_route=\/wp\/v2\/users\/1"}],"replies":[{"embeddable":true,"href":"https:\/\/yurtbakisi.com\/index.php?rest_route=%2Fwp%2Fv2%2Fcomments&post=8138"}],"version-history":[{"count":0,"href":"https:\/\/yurtbakisi.com\/index.php?rest_route=\/wp\/v2\/posts\/8138\/revisions"}],"wp:attachment":[{"href":"https:\/\/yurtbakisi.com\/index.php?rest_route=%2Fwp%2Fv2%2Fmedia&parent=8138"}],"wp:term":[{"taxonomy":"category","embeddable":true,"href":"https:\/\/yurtbakisi.com\/index.php?rest_route=%2Fwp%2Fv2%2Fcategories&post=8138"},{"taxonomy":"post_tag","embeddable":true,"href":"https:\/\/yurtbakisi.com\/index.php?rest_route=%2Fwp%2Fv2%2Ftags&post=8138"},{"taxonomy":"yb_news_series","embeddable":true,"href":"https:\/\/yurtbakisi.com\/index.php?rest_route=%2Fwp%2Fv2%2Fyb_news_series&post=8138"},{"taxonomy":"yb_language","embeddable":true,"href":"https:\/\/yurtbakisi.com\/index.php?rest_route=%2Fwp%2Fv2%2Fyb_language&post=8138"}],"curies":[{"name":"wp","href":"https:\/\/api.w.org\/{rel}","templated":true}]}}