{"id":8140,"date":"2026-09-01T20:05:48","date_gmt":"2026-09-01T17:05:48","guid":{"rendered":"https:\/\/yurtbakisi.com\/?p=8140"},"modified":"2026-09-01T20:05:48","modified_gmt":"2026-09-01T17:05:48","slug":"anneligin-tadini-cikariyor-merve-dinckol-ve-minik-kizi-defne-yazdan-yeni-kare-milliyet","status":"publish","type":"post","link":"https:\/\/yurtbakisi.com\/?p=8140","title":{"rendered":"Anneli\u011fin tad\u0131n\u0131 \u00e7\u0131kar\u0131yor! Merve Din\u00e7kol ve minik k\u0131z\u0131 Defne Yaz&#8217;dan yeni kare &#8211; Milliyet"},"content":{"rendered":"<div class=\"yb-imported-news-note\">\n<p>Anneli\u011fin tad\u0131n\u0131 \u00e7\u0131kar\u0131yor! Merve Din\u00e7kol ve minik k\u0131z\u0131 Defne Yaz&#039;dan yeni kare Milliyet<\/p>\n<p><strong>Kaynak:<\/strong> Canl\u0131 Ak\u0131\u015f \u2014 Magazin \u2014 Ayr\u0131nt\u0131lar ve tam i\u00e7erik i\u00e7in <a href=\"https:\/\/news.google.com\/rss\/articles\/CBMixwFBVV95cUxNTWl3LTNrcnBFSWtKdDJvajFmTnVVRGZRWTlHSnJZVWhkMHBBOHBOV2ZzZjNzRHZTTkh2b21UVm53UnlYUlJtWFBjZUd1T3dPdUhqdzU2TFd6QnBCTl9Pcjh0QXQwNkZySzdyN3BUQllOdHBDZ2lKdHpqckpYczA1VjMxWDEycExIUi1wZXVDZTZveTZPemdHMFJDeER4eVMyRGVJZHh0WWZ2bnhLTzh5eDZpZjNhNnhLdUFST1IySkExdGItUG1v?oc=5\" target=\"_blank\" rel=\"nofollow noopener noreferrer\">\u00f6zg\u00fcn haberi a\u00e7\u0131n<\/a>.<\/p>\n<p><small>Bu kay\u0131t RSS haber havuzuna k\u0131sa kaynak \u00f6zeti olarak al\u0131nm\u0131\u015ft\u0131r; \u00f6zg\u00fcn metnin tamam\u0131 kopyalanmam\u0131\u015ft\u0131r.<\/small><\/p>\n<\/div>\n","protected":false},"excerpt":{"rendered":"<p>Anneli\u011fin tad\u0131n\u0131 \u00e7\u0131kar\u0131yor! Merve Din\u00e7kol ve minik k\u0131z\u0131 Defne Yaz&#8217;dan yeni kare Milliyet<\/p>\n","protected":false},"author":1,"featured_media":0,"comment_status":"closed","ping_status":"closed","sticky":false,"template":"","format":"standard","meta":{"_yb_topic_hash":"9a3000fee94f8ba78d3a27eaf6bc80465e780e0bf81dbb5727a0334828f809c9","_yb_image_repair_status":"","_yb_image_repair_last":"","_yb_image_repair_attempts":0,"_yb_source_trust_score":93,"footnotes":""},"categories":[15],"tags":[108],"yb_news_series":[],"yb_language":[],"class_list":["post-8140","post","type-post","status-publish","format-standard","has-post-thumbnail","hentry","category-magazin","tag-canli-akis-magazin"],"blocksy_meta":[],"_links":{"self":[{"href":"https:\/\/yurtbakisi.com\/index.php?rest_route=\/wp\/v2\/posts\/8140","targetHints":{"allow":["GET"]}}],"collection":[{"href":"https:\/\/yurtbakisi.com\/index.php?rest_route=\/wp\/v2\/posts"}],"about":[{"href":"https:\/\/yurtbakisi.com\/index.php?rest_route=\/wp\/v2\/types\/post"}],"author":[{"embeddable":true,"href":"https:\/\/yurtbakisi.com\/index.php?rest_route=\/wp\/v2\/users\/1"}],"replies":[{"embeddable":true,"href":"https:\/\/yurtbakisi.com\/index.php?rest_route=%2Fwp%2Fv2%2Fcomments&post=8140"}],"version-history":[{"count":0,"href":"https:\/\/yurtbakisi.com\/index.php?rest_route=\/wp\/v2\/posts\/8140\/revisions"}],"wp:attachment":[{"href":"https:\/\/yurtbakisi.com\/index.php?rest_route=%2Fwp%2Fv2%2Fmedia&parent=8140"}],"wp:term":[{"taxonomy":"category","embeddable":true,"href":"https:\/\/yurtbakisi.com\/index.php?rest_route=%2Fwp%2Fv2%2Fcategories&post=8140"},{"taxonomy":"post_tag","embeddable":true,"href":"https:\/\/yurtbakisi.com\/index.php?rest_route=%2Fwp%2Fv2%2Ftags&post=8140"},{"taxonomy":"yb_news_series","embeddable":true,"href":"https:\/\/yurtbakisi.com\/index.php?rest_route=%2Fwp%2Fv2%2Fyb_news_series&post=8140"},{"taxonomy":"yb_language","embeddable":true,"href":"https:\/\/yurtbakisi.com\/index.php?rest_route=%2Fwp%2Fv2%2Fyb_language&post=8140"}],"curies":[{"name":"wp","href":"https:\/\/api.w.org\/{rel}","templated":true}]}}